{"id":2683,"date":"2025-02-15T13:14:03","date_gmt":"2025-02-15T12:14:03","guid":{"rendered":"https:\/\/sanvida.ch\/que-hay-que-tener-en-cuenta-a-la-hora-de-elegir-el-apoyo-adecuado\/"},"modified":"2025-04-04T14:28:25","modified_gmt":"2025-04-04T12:28:25","slug":"que-hay-que-tener-en-cuenta-a-la-hora-de-elegir-el-apoyo-adecuado","status":"publish","type":"post","link":"https:\/\/sanvida.ch\/es\/que-hay-que-tener-en-cuenta-a-la-hora-de-elegir-el-apoyo-adecuado\/","title":{"rendered":"\u00bfQu\u00e9 hay que tener en cuenta a la hora de elegir el apoyo adecuado?"},"content":{"rendered":"\t\t<div data-elementor-type=\"wp-post\" data-elementor-id=\"2683\" class=\"elementor elementor-2683 elementor-834\" data-elementor-post-type=\"post\">\n\t\t\t\t<div class=\"elementor-element elementor-element-fd58b5f e-flex e-con-boxed e-con e-parent\" data-id=\"fd58b5f\" data-element_type=\"container\" data-e-type=\"container\">\n\t\t\t\t\t<div class=\"e-con-inner\">\n\t\t\t\t<div class=\"elementor-element elementor-element-133b13f elementor-widget elementor-widget-text-editor\" data-id=\"133b13f\" data-element_type=\"widget\" data-e-type=\"widget\" data-widget_type=\"text-editor.default\">\n\t\t\t\t<div class=\"elementor-widget-container\">\n\t\t\t\t\t\t\t\t\t<p>Cuidar de los familiares es una tarea exigente y valiosa. Sanvida apoya a las familias con una gesti\u00f3n integral de los cuidados, experiencia y apoyo personalizado para que los cuidados sean m\u00e1s f\u00e1ciles y sostenibles.<\/p>\t\t\t\t\t\t\t\t<\/div>\n\t\t\t\t<\/div>\n\t\t\t\t<div class=\"elementor-element elementor-element-d7798f2 elementor-widget elementor-widget-heading\" data-id=\"d7798f2\" data-element_type=\"widget\" data-e-type=\"widget\" data-widget_type=\"heading.default\">\n\t\t\t\t<div class=\"elementor-widget-container\">\n\t\t\t\t\t<h3 class=\"elementor-heading-title elementor-size-default\">1. gesti\u00f3n hol\u00edstica de los cuidados<\/h3>\t\t\t\t<\/div>\n\t\t\t\t<\/div>\n\t\t\t\t<div class=\"elementor-element elementor-element-97828c9 elementor-widget elementor-widget-text-editor\" data-id=\"97828c9\" data-element_type=\"widget\" data-e-type=\"widget\" data-widget_type=\"text-editor.default\">\n\t\t\t\t<div class=\"elementor-widget-container\">\n\t\t\t\t\t\t\t\t\t<p>Una organizaci\u00f3n profesional no s\u00f3lo debe proporcionar apoyo financiero, sino tambi\u00e9n ayudar con controles de calidad peri\u00f3dicos, transferencia de conocimientos y servicios de apoyo. Esto incluye planes de emergencia y cursos de formaci\u00f3n que preparen a los cuidadores familiares para los retos.<\/p>\t\t\t\t\t\t\t\t<\/div>\n\t\t\t\t<\/div>\n\t\t\t\t<div class=\"elementor-element elementor-element-38f7cc4 elementor-widget elementor-widget-heading\" data-id=\"38f7cc4\" data-element_type=\"widget\" data-e-type=\"widget\" data-widget_type=\"heading.default\">\n\t\t\t\t<div class=\"elementor-widget-container\">\n\t\t\t\t\t<h3 class=\"elementor-heading-title elementor-size-default\">2. experiencia en el cuidado de familiares<\/h3>\t\t\t\t<\/div>\n\t\t\t\t<\/div>\n\t\t\t\t<div class=\"elementor-element elementor-element-157a3a4 elementor-widget elementor-widget-text-editor\" data-id=\"157a3a4\" data-element_type=\"widget\" data-e-type=\"widget\" data-widget_type=\"text-editor.default\">\n\t\t\t\t<div class=\"elementor-widget-container\">\n\t\t\t\t\t\t\t\t\t<p>Muchos a\u00f1os de experiencia y procesos sofisticados garantizan que la asistencia siga estando orientada a las necesidades y sea humana.<\/p>\t\t\t\t\t\t\t\t<\/div>\n\t\t\t\t<\/div>\n\t\t\t\t<div class=\"elementor-element elementor-element-687af9d elementor-widget elementor-widget-heading\" data-id=\"687af9d\" data-element_type=\"widget\" data-e-type=\"widget\" data-widget_type=\"heading.default\">\n\t\t\t\t<div class=\"elementor-widget-container\">\n\t\t\t\t\t<h3 class=\"elementor-heading-title elementor-size-default\">3. apoyo personal<\/h3>\t\t\t\t<\/div>\n\t\t\t\t<\/div>\n\t\t\t\t<div class=\"elementor-element elementor-element-1af73ed elementor-widget elementor-widget-text-editor\" data-id=\"1af73ed\" data-element_type=\"widget\" data-e-type=\"widget\" data-widget_type=\"text-editor.default\">\n\t\t\t\t<div class=\"elementor-widget-container\">\n\t\t\t\t\t\t\t\t\t<p>Una ratio de atenci\u00f3n infantil adecuada garantiza que el personal especializado tenga tiempo suficiente para atender las necesidades individuales.<\/p><p>Con Sanvida, obtendr\u00e1s el apoyo que t\u00fa y los tuyos merec\u00e9is.<\/p>\t\t\t\t\t\t\t\t<\/div>\n\t\t\t\t<\/div>\n\t\t\t\t\t<\/div>\n\t\t\t\t<\/div>\n\t\t\t\t<\/div>\n\t\t","protected":false},"excerpt":{"rendered":"<p>Cuidar de los familiares es una tarea exigente y valiosa. Sanvida apoya a las familias con una gesti\u00f3n integral de los cuidados, experiencia y apoyo personalizado para que los cuidados sean m\u00e1s f\u00e1ciles y sostenibles. 1. gesti\u00f3n hol\u00edstica de los cuidados Una organizaci\u00f3n profesional no s\u00f3lo debe proporcionar apoyo financiero, sino tambi\u00e9n ayudar con controles [&hellip;]<\/p>\n","protected":false},"author":1,"featured_media":2444,"comment_status":"closed","ping_status":"closed","sticky":false,"template":"","format":"standard","meta":{"footnotes":""},"categories":[47],"tags":[76,72,74,75,77,73,71],"class_list":["post-2683","post","type-post","status-publish","format-standard","has-post-thumbnail","hentry","category-atencion-y-apoyo","tag-alivio-para-los-familiares","tag-apoyo-a-los-cuidadores-familiares","tag-apoyo-profesional","tag-asesoramiento-asistencial","tag-asistencia-a-domicilio","tag-cuidado-de-familiares","tag-gestion-de-cuidados"],"_links":{"self":[{"href":"https:\/\/sanvida.ch\/es\/wp-json\/wp\/v2\/posts\/2683","targetHints":{"allow":["GET"]}}],"collection":[{"href":"https:\/\/sanvida.ch\/es\/wp-json\/wp\/v2\/posts"}],"about":[{"href":"https:\/\/sanvida.ch\/es\/wp-json\/wp\/v2\/types\/post"}],"author":[{"embeddable":true,"href":"https:\/\/sanvida.ch\/es\/wp-json\/wp\/v2\/users\/1"}],"replies":[{"embeddable":true,"href":"https:\/\/sanvida.ch\/es\/wp-json\/wp\/v2\/comments?post=2683"}],"version-history":[{"count":7,"href":"https:\/\/sanvida.ch\/es\/wp-json\/wp\/v2\/posts\/2683\/revisions"}],"predecessor-version":[{"id":2707,"href":"https:\/\/sanvida.ch\/es\/wp-json\/wp\/v2\/posts\/2683\/revisions\/2707"}],"wp:featuredmedia":[{"embeddable":true,"href":"https:\/\/sanvida.ch\/es\/wp-json\/wp\/v2\/media\/2444"}],"wp:attachment":[{"href":"https:\/\/sanvida.ch\/es\/wp-json\/wp\/v2\/media?parent=2683"}],"wp:term":[{"taxonomy":"category","embeddable":true,"href":"https:\/\/sanvida.ch\/es\/wp-json\/wp\/v2\/categories?post=2683"},{"taxonomy":"post_tag","embeddable":true,"href":"https:\/\/sanvida.ch\/es\/wp-json\/wp\/v2\/tags?post=2683"}],"curies":[{"name":"wp","href":"https:\/\/api.w.org\/{rel}","templated":true}]}}