{"id":2859,"date":"2025-01-20T11:11:36","date_gmt":"2025-01-20T10:11:36","guid":{"rendered":"https:\/\/sanvida.ch\/padres-necesitados-de-cuidados-apoyo-sin-hogar\/"},"modified":"2025-04-04T14:31:49","modified_gmt":"2025-04-04T12:31:49","slug":"padres-necesitados-de-cuidados-apoyo-sin-hogar","status":"publish","type":"post","link":"https:\/\/sanvida.ch\/es\/padres-necesitados-de-cuidados-apoyo-sin-hogar\/","title":{"rendered":"Padres necesitados de cuidados: apoyo sin hogar"},"content":{"rendered":"\t\t<div data-elementor-type=\"wp-post\" data-elementor-id=\"2859\" class=\"elementor elementor-2859 elementor-828\" data-elementor-post-type=\"post\">\n\t\t\t\t<div class=\"elementor-element elementor-element-8f77480 e-flex e-con-boxed e-con e-parent\" data-id=\"8f77480\" data-element_type=\"container\" data-e-type=\"container\">\n\t\t\t\t\t<div class=\"e-con-inner\">\n\t\t\t\t<div class=\"elementor-element elementor-element-587990f elementor-widget elementor-widget-text-editor\" data-id=\"587990f\" data-element_type=\"widget\" data-e-type=\"widget\" data-widget_type=\"text-editor.default\">\n\t\t\t\t<div class=\"elementor-widget-container\">\n\t\t\t\t\t\t\t\t\t<p>Muchas personas mayores no quieren vivir en una residencia, aunque necesiten cuidados. El apego emocional, el miedo a la soledad y el deseo de autonom\u00eda son razones fundamentales. Los familiares se enfrentan a menudo al reto de armonizar estos deseos con sus propias posibilidades.  <\/p>\t\t\t\t\t\t\t\t<\/div>\n\t\t\t\t<\/div>\n\t\t\t\t<div class=\"elementor-element elementor-element-fe14cb2 elementor-widget elementor-widget-heading\" data-id=\"fe14cb2\" data-element_type=\"widget\" data-e-type=\"widget\" data-widget_type=\"heading.default\">\n\t\t\t\t<div class=\"elementor-widget-container\">\n\t\t\t\t\t<h3 class=\"elementor-heading-title elementor-size-default\">Razones por las que los padres no quieren ir a una residencia<\/h3>\t\t\t\t<\/div>\n\t\t\t\t<\/div>\n\t\t\t\t<div class=\"elementor-element elementor-element-6ec1cf4 elementor-widget elementor-widget-text-editor\" data-id=\"6ec1cf4\" data-element_type=\"widget\" data-e-type=\"widget\" data-widget_type=\"text-editor.default\">\n\t\t\t\t<div class=\"elementor-widget-container\">\n\t\t\t\t\t\t\t\t\t<table><thead><tr><th><strong>Razones<\/strong><\/th><th><strong>Explicaci\u00f3n<\/strong><\/th><\/tr><\/thead><tbody><tr><td>Apego emocional<\/td><td>El entorno familiar ofrece seguridad y un sentimiento de pertenencia.<\/td><\/tr><tr><td>Miedo a la soledad<\/td><td>Preocupaci\u00f3n por perder el contacto con la familia y los vecinos de casa.<\/td><\/tr><tr><td>P\u00e9rdida de independencia<\/td><td>La sensaci\u00f3n de perder el control sobre tu propia vida.<\/td><\/tr><tr><td>Estigmatizaci\u00f3n<\/td><td>Percepci\u00f3n negativa de las residencias y miedo a ser considerado \u00abdeportado\u00bb.<\/td><\/tr><\/tbody><\/table>\t\t\t\t\t\t\t\t<\/div>\n\t\t\t\t<\/div>\n\t\t\t\t<div class=\"elementor-element elementor-element-c3c39e1 elementor-widget elementor-widget-heading\" data-id=\"c3c39e1\" data-element_type=\"widget\" data-e-type=\"widget\" data-widget_type=\"heading.default\">\n\t\t\t\t<div class=\"elementor-widget-container\">\n\t\t\t\t\t<h3 class=\"elementor-heading-title elementor-size-default\">Soluciones para la asistencia domiciliaria<\/h3>\t\t\t\t<\/div>\n\t\t\t\t<\/div>\n\t\t\t\t<div class=\"elementor-element elementor-element-f8efb2e elementor-widget elementor-widget-text-editor\" data-id=\"f8efb2e\" data-element_type=\"widget\" data-e-type=\"widget\" data-widget_type=\"text-editor.default\">\n\t\t\t\t<div class=\"elementor-widget-container\">\n\t\t\t\t\t\t\t\t\t<p>Los servicios de apoyo, como los servicios de atenci\u00f3n ambulatoria, la atenci\u00f3n diurna o las conversiones adecuadas a la edad, pueden hacer realidad el deseo de recibir cuidados en casa. Un di\u00e1logo abierto en el seno de la familia es esencial para tener en cuenta las necesidades de todos. <\/p><p>La decisi\u00f3n entre la asistencia domiciliaria y una residencia sigue siendo individual. Con una planificaci\u00f3n cuidadosa y apoyo, es posible envejecer con dignidad en casa. <\/p>\t\t\t\t\t\t\t\t<\/div>\n\t\t\t\t<\/div>\n\t\t\t\t<div class=\"elementor-element elementor-element-442d3f8 elementor-widget elementor-widget-heading\" data-id=\"442d3f8\" data-element_type=\"widget\" data-e-type=\"widget\" data-widget_type=\"heading.default\">\n\t\t\t\t<div class=\"elementor-widget-container\">\n\t\t\t\t\t<h3 class=\"elementor-heading-title elementor-size-default\">Cuidados en casa vs. residencia de ancianos<\/h3>\t\t\t\t<\/div>\n\t\t\t\t<\/div>\n\t\t\t\t<div class=\"elementor-element elementor-element-6fb50ea elementor-widget elementor-widget-text-editor\" data-id=\"6fb50ea\" data-element_type=\"widget\" data-e-type=\"widget\" data-widget_type=\"text-editor.default\">\n\t\t\t\t<div class=\"elementor-widget-container\">\n\t\t\t\t\t\t\t\t\t<table><thead><tr><th><strong>Aspecto<\/strong><\/th><th><strong>Asistencia a domicilio<\/strong><\/th><th><strong>Residencia de ancianos<\/strong><\/th><\/tr><\/thead><tbody><tr><td><strong>Costes<\/strong><\/td><td>Muy diferentes seg\u00fan la ayuda.<\/td><td>Costes fijos, a menudo parcialmente cubiertos.<\/td><\/tr><tr><td><strong>Entorno social<\/strong><\/td><td>La familia permanece unida, pero puede estar sobrecargada.<\/td><td>Contacto con los residentes, menos intimidad.<\/td><\/tr><tr><td><strong>Calidad de la asistencia<\/strong><\/td><td>Var\u00eda en funci\u00f3n de la organizaci\u00f3n de la asistencia.<\/td><td>Atenci\u00f3n profesional las 24 horas del d\u00eda.<\/td><\/tr><tr><td><strong>Flexibilidad<\/strong><\/td><td>Posibilidad de adaptaci\u00f3n a los deseos.<\/td><td>Especificaciones mediante estructuras dom\u00e9sticas.<\/td><\/tr><\/tbody><\/table>\t\t\t\t\t\t\t\t<\/div>\n\t\t\t\t<\/div>\n\t\t\t\t<div class=\"elementor-element elementor-element-b5318bc elementor-widget elementor-widget-heading\" data-id=\"b5318bc\" data-element_type=\"widget\" data-e-type=\"widget\" data-widget_type=\"heading.default\">\n\t\t\t\t<div class=\"elementor-widget-container\">\n\t\t\t\t\t<h3 class=\"elementor-heading-title elementor-size-default\">Enfoques pr\u00e1cticos para la atenci\u00f3n domiciliaria<\/h3>\t\t\t\t<\/div>\n\t\t\t\t<\/div>\n\t\t\t\t<div class=\"elementor-element elementor-element-755b421 elementor-widget elementor-widget-text-editor\" data-id=\"755b421\" data-element_type=\"widget\" data-e-type=\"widget\" data-widget_type=\"text-editor.default\">\n\t\t\t\t<div class=\"elementor-widget-container\">\n\t\t\t\t\t\t\t\t\t<ul><li><strong>Servicios de atenci\u00f3n ambulatoria:<\/strong> ayuda con la higiene personal, la medicaci\u00f3n o las tareas dom\u00e9sticas.<\/li><li><strong>Guarder\u00eda:<\/strong> Cuidado durante el d\u00eda para aliviar a los familiares.<\/li><li><strong>Adaptaciones del hogar:<\/strong> Conversiones sin barreras para mayor seguridad.<\/li><li><strong>Asesoramiento asistencial:<\/strong> Asesoramiento profesional sobre organizaci\u00f3n y financiaci\u00f3n.<br><br><\/li><\/ul><p>La comunicaci\u00f3n abierta es crucial para tener en cuenta las necesidades de todos. Las ayudas econ\u00f3micas, como la prestaci\u00f3n por cuidados o las prestaciones en especie, pueden suponer un alivio adicional. <\/p><p>Con una planificaci\u00f3n clara y los servicios adecuados, como los que ofrece <strong>Sanvida<\/strong>, a menudo es posible vivir en casa.<\/p>\t\t\t\t\t\t\t\t<\/div>\n\t\t\t\t<\/div>\n\t\t\t\t\t<\/div>\n\t\t\t\t<\/div>\n\t\t\t\t<\/div>\n\t\t","protected":false},"excerpt":{"rendered":"<p>Muchas personas mayores no quieren vivir en una residencia, aunque necesiten cuidados. El apego emocional, el miedo a la soledad y el deseo de autonom\u00eda son razones fundamentales. Los familiares se enfrentan a menudo al reto de armonizar estos deseos con sus propias posibilidades. Razones por las que los padres no quieren ir a una [&hellip;]<\/p>\n","protected":false},"author":1,"featured_media":2404,"comment_status":"closed","ping_status":"closed","sticky":false,"template":"","format":"standard","meta":{"footnotes":""},"categories":[47],"tags":[101,77,96,99,97,100,98],"class_list":["post-2859","post","type-post","status-publish","format-standard","has-post-thumbnail","hentry","category-atencion-y-apoyo","tag-apoyo-social","tag-asistencia-a-domicilio","tag-asistencia-a-domicilio-es","tag-guarderia","tag-padres-que-necesitan-cuidados","tag-residencia-de-ancianos","tag-servicios-de-atencion-ambulatoria"],"_links":{"self":[{"href":"https:\/\/sanvida.ch\/es\/wp-json\/wp\/v2\/posts\/2859","targetHints":{"allow":["GET"]}}],"collection":[{"href":"https:\/\/sanvida.ch\/es\/wp-json\/wp\/v2\/posts"}],"about":[{"href":"https:\/\/sanvida.ch\/es\/wp-json\/wp\/v2\/types\/post"}],"author":[{"embeddable":true,"href":"https:\/\/sanvida.ch\/es\/wp-json\/wp\/v2\/users\/1"}],"replies":[{"embeddable":true,"href":"https:\/\/sanvida.ch\/es\/wp-json\/wp\/v2\/comments?post=2859"}],"version-history":[{"count":3,"href":"https:\/\/sanvida.ch\/es\/wp-json\/wp\/v2\/posts\/2859\/revisions"}],"predecessor-version":[{"id":2862,"href":"https:\/\/sanvida.ch\/es\/wp-json\/wp\/v2\/posts\/2859\/revisions\/2862"}],"wp:featuredmedia":[{"embeddable":true,"href":"https:\/\/sanvida.ch\/es\/wp-json\/wp\/v2\/media\/2404"}],"wp:attachment":[{"href":"https:\/\/sanvida.ch\/es\/wp-json\/wp\/v2\/media?parent=2859"}],"wp:term":[{"taxonomy":"category","embeddable":true,"href":"https:\/\/sanvida.ch\/es\/wp-json\/wp\/v2\/categories?post=2859"},{"taxonomy":"post_tag","embeddable":true,"href":"https:\/\/sanvida.ch\/es\/wp-json\/wp\/v2\/tags?post=2859"}],"curies":[{"name":"wp","href":"https:\/\/api.w.org\/{rel}","templated":true}]}}