{"id":5372,"date":"2026-04-07T13:04:57","date_gmt":"2026-04-07T11:04:57","guid":{"rendered":"https:\/\/sanvida.ch\/los-cuidados-en-el-dia-a-dia-organizacion-claridad-y-un-verdadero-alivio\/"},"modified":"2026-04-07T14:14:02","modified_gmt":"2026-04-07T12:14:02","slug":"los-cuidados-en-el-dia-a-dia-organizacion-claridad-y-un-verdadero-alivio","status":"publish","type":"post","link":"https:\/\/sanvida.ch\/es\/los-cuidados-en-el-dia-a-dia-organizacion-claridad-y-un-verdadero-alivio\/","title":{"rendered":"Los cuidados en el d\u00eda a d\u00eda: organizaci\u00f3n, claridad y un verdadero alivio"},"content":{"rendered":"\t\t<div data-elementor-type=\"wp-post\" data-elementor-id=\"5372\" class=\"elementor elementor-5372 elementor-5340\" data-elementor-post-type=\"post\">\n\t\t\t\t<div class=\"elementor-element elementor-element-fd58b5f e-flex e-con-boxed e-con e-parent\" data-id=\"fd58b5f\" data-element_type=\"container\" data-e-type=\"container\">\n\t\t\t\t\t<div class=\"e-con-inner\">\n\t\t\t\t<div class=\"elementor-element elementor-element-133b13f elementor-widget elementor-widget-text-editor\" data-id=\"133b13f\" data-element_type=\"widget\" data-e-type=\"widget\" data-widget_type=\"text-editor.default\">\n\t\t\t\t<div class=\"elementor-widget-container\">\n\t\t\t\t\t\t\t\t\tEl cuidado de un familiar suele trastocar por completo la vida cotidiana. Lo que antes se daba por sentado se convierte de repente en un reto diario. Hay que tomar decisiones r\u00e1pidamente, las tareas organizativas aumentan y, al mismo tiempo, apenas queda tiempo para uno mismo.  \t\t\t\t\t\t\t\t<\/div>\n\t\t\t\t<\/div>\n\t\t\t\t<div class=\"elementor-element elementor-element-d7798f2 elementor-widget elementor-widget-heading\" data-id=\"d7798f2\" data-element_type=\"widget\" data-e-type=\"widget\" data-widget_type=\"heading.default\">\n\t\t\t\t<div class=\"elementor-widget-container\">\n\t\t\t\t\t<h3 class=\"elementor-heading-title elementor-size-default\">El cuidado de una persona plantea nuevas preguntas cada d\u00eda.<\/h3>\t\t\t\t<\/div>\n\t\t\t\t<\/div>\n\t\t\t\t<div class=\"elementor-element elementor-element-97828c9 elementor-widget elementor-widget-text-editor\" data-id=\"97828c9\" data-element_type=\"widget\" data-e-type=\"widget\" data-widget_type=\"text-editor.default\">\n\t\t\t\t<div class=\"elementor-widget-container\">\n\t\t\t\t\t\t\t\t\tLa organizaci\u00f3n, las exigencias y la responsabilidad se entrecruzan. Sin una estructura clara, uno se siente r\u00e1pidamente desbordado. \t\t\t\t\t\t\t\t<\/div>\n\t\t\t\t<\/div>\n\t\t\t\t<div class=\"elementor-element elementor-element-38f7cc4 elementor-widget elementor-widget-heading\" data-id=\"38f7cc4\" data-element_type=\"widget\" data-e-type=\"widget\" data-widget_type=\"heading.default\">\n\t\t\t\t<div class=\"elementor-widget-container\">\n\t\t\t\t\t<h3 class=\"elementor-heading-title elementor-size-default\">Por qu\u00e9 el cuidado de los pacientes se vuelve r\u00e1pidamente complejo<\/h3>\t\t\t\t<\/div>\n\t\t\t\t<\/div>\n\t\t\t\t<div class=\"elementor-element elementor-element-157a3a4 elementor-widget elementor-widget-text-editor\" data-id=\"157a3a4\" data-element_type=\"widget\" data-e-type=\"widget\" data-widget_type=\"text-editor.default\">\n\t\t\t\t<div class=\"elementor-widget-container\">\n\t\t\t\t\t\t\t\t\t<p data-start=\"665\" data-end=\"723\">Muchos familiares que cuidan de un ser querido se enfrentan a problemas similares:<\/p>\n<ul data-start=\"725\" data-end=\"916\">\n<li data-section-id=\"x1dinm\" data-start=\"725\" data-end=\"752\">Competencias poco claras<\/li>\n<li data-section-id=\"j1s534\" data-start=\"753\" data-end=\"808\">Falta de informaci\u00f3n sobre prestaciones y derechos<\/li>\n<li data-section-id=\"5p8rzq\" data-start=\"809\" data-end=\"832\">La falta de tiempo en el d\u00eda a d\u00eda<\/li>\n<li data-section-id=\"17s1rd6\" data-start=\"833\" data-end=\"857\">Tensi\u00f3n emocional<\/li>\n<li data-section-id=\"zijexa\" data-start=\"858\" data-end=\"916\">Dificultades para coordinar citas y asistencia<\/li>\n<\/ul>\n<p data-start=\"918\" data-end=\"1015\">Estos factores hacen que el cuidado resulte agotador no solo f\u00edsicamente, sino tambi\u00e9n mentalmente.<\/p>\t\t\t\t\t\t\t\t<\/div>\n\t\t\t\t<\/div>\n\t\t\t\t<div class=\"elementor-element elementor-element-687af9d elementor-widget elementor-widget-heading\" data-id=\"687af9d\" data-element_type=\"widget\" data-e-type=\"widget\" data-widget_type=\"heading.default\">\n\t\t\t\t<div class=\"elementor-widget-container\">\n\t\t\t\t\t<h3 class=\"elementor-heading-title elementor-size-default\">La estructura aporta tranquilidad<\/h3>\t\t\t\t<\/div>\n\t\t\t\t<\/div>\n\t\t\t\t<div class=\"elementor-element elementor-element-1af73ed elementor-widget elementor-widget-text-editor\" data-id=\"1af73ed\" data-element_type=\"widget\" data-e-type=\"widget\" data-widget_type=\"text-editor.default\">\n\t\t\t\t<div class=\"elementor-widget-container\">\n\t\t\t\t\t\t\t\t\t<p data-start=\"1050\" data-end=\"1233\">La diferencia fundamental radica en la claridad.<br data-start=\"1102\" data-end=\"1105\">Quien sabe qu\u00e9 pasos hay que dar y qu\u00e9 opciones existen puede organizar los cuidados de forma activa, en lugar de limitarse a reaccionar.<\/p>\n<p data-start=\"1235\" data-end=\"1270\">Una buena organizaci\u00f3n ayuda a ello:<\/p>\n<ul data-start=\"1272\" data-end=\"1431\">\n<li data-section-id=\"1975fz4\" data-start=\"1272\" data-end=\"1309\">Priorizar las tareas de forma adecuada<\/li>\n<li data-section-id=\"lmv52\" data-start=\"1310\" data-end=\"1354\">Aprovechar de forma espec\u00edfica las ofertas de apoyo<\/li>\n<li data-section-id=\"1y4lej8\" data-start=\"1355\" data-end=\"1385\">Aprovechar el tiempo de forma eficiente<\/li>\n<li data-section-id=\"mdyd68\" data-start=\"1386\" data-end=\"1431\">Adquirir seguridad a la hora de tomar decisiones<\/li>\n<\/ul>\n<p data-start=\"1433\" data-end=\"1487\">De este modo, los cuidados se pueden planificar mejor y resultan m\u00e1s sostenibles a largo plazo.<\/p>\t\t\t\t\t\t\t\t<\/div>\n\t\t\t\t<\/div>\n\t\t\t\t<div class=\"elementor-element elementor-element-56bd0d2 elementor-widget elementor-widget-heading\" data-id=\"56bd0d2\" data-element_type=\"widget\" data-e-type=\"widget\" data-widget_type=\"heading.default\">\n\t\t\t\t<div class=\"elementor-widget-container\">\n\t\t\t\t\t<h3 class=\"elementor-heading-title elementor-size-default\">Soluciones en lugar de sobrecarga<\/h3>\t\t\t\t<\/div>\n\t\t\t\t<\/div>\n\t\t\t\t<div class=\"elementor-element elementor-element-a00cb80 elementor-widget elementor-widget-text-editor\" data-id=\"a00cb80\" data-element_type=\"widget\" data-e-type=\"widget\" data-widget_type=\"text-editor.default\">\n\t\t\t\t<div class=\"elementor-widget-container\">\n\t\t\t\t\t\t\t\t\t<p data-start=\"1523\" data-end=\"1688\">Muchos retos no surgen porque falten soluciones, sino porque estas no son visibles o comprensibles. Es precisamente aqu\u00ed donde entra en juego un enfoque estructurado. <\/p>\n<p data-start=\"1690\" data-end=\"1747\">Con las herramientas adecuadas y unos procesos claros, es posible:<\/p>\n<ul data-start=\"1749\" data-end=\"1894\">\n<li data-section-id=\"hkbd7w\" data-start=\"1749\" data-end=\"1779\">Pflegeabl\u00e4ufe vereinfachen<\/li>\n<li data-section-id=\"1e77z0g\" data-start=\"1780\" data-end=\"1818\">Reducir las tareas administrativas<\/li>\n<li data-section-id=\"ehmgt3\" data-start=\"1819\" data-end=\"1852\">Subsanar las lagunas de informaci\u00f3n<\/li>\n<li data-section-id=\"1s29u2k\" data-start=\"1853\" data-end=\"1894\">Definir medidas concretas<\/li>\n<\/ul>\n<p data-start=\"1896\" data-end=\"1996\">El objetivo no es la perfecci\u00f3n, sino una soluci\u00f3n pr\u00e1ctica y realista para el d\u00eda a d\u00eda.<\/p>\t\t\t\t\t\t\t\t<\/div>\n\t\t\t\t<\/div>\n\t\t\t\t<div class=\"elementor-element elementor-element-027c0f4 elementor-widget elementor-widget-heading\" data-id=\"027c0f4\" data-element_type=\"widget\" data-e-type=\"widget\" data-widget_type=\"heading.default\">\n\t\t\t\t<div class=\"elementor-widget-container\">\n\t\t\t\t\t<h3 class=\"elementor-heading-title elementor-size-default\">C\u00f3mo ayuda Sanvida<\/h3>\t\t\t\t<\/div>\n\t\t\t\t<\/div>\n\t\t\t\t<div class=\"elementor-element elementor-element-1ae693d elementor-widget elementor-widget-text-editor\" data-id=\"1ae693d\" data-element_type=\"widget\" data-e-type=\"widget\" data-widget_type=\"text-editor.default\">\n\t\t\t\t<div class=\"elementor-widget-container\">\n\t\t\t\t\t\t\t\t\t<p data-start=\"2027\" data-end=\"2205\">Sanvida ayuda a los familiares que prestan cuidados a poner orden en situaciones complejas. Se centra en soluciones pr\u00e1cticas y aplicables, en lugar de en conceptos te\u00f3ricos. <\/p>\n<p data-start=\"2207\" data-end=\"2234\">Se trata, sobre todo, de:<\/p>\n<ul data-start=\"2236\" data-end=\"2422\">\n<li data-section-id=\"1ikfnpt\" data-start=\"2236\" data-end=\"2284\">An\u00e1lisis personalizado de la situaci\u00f3n actual<\/li>\n<li data-section-id=\"1rukd7u\" data-start=\"2285\" data-end=\"2329\">Una estructura clara para los pr\u00f3ximos pasos<\/li>\n<li data-section-id=\"1gt1il1\" data-start=\"2330\" data-end=\"2376\">Ayuda con la organizaci\u00f3n y la planificaci\u00f3n<\/li>\n<li data-section-id=\"88z4sz\" data-start=\"2377\" data-end=\"2422\">Orientaci\u00f3n sobre el sistema y los derechos<\/li>\n<\/ul>\n<p data-start=\"2424\" data-end=\"2496\">De este modo, poco a poco se va ganando en claridad y seguridad en el d\u00eda a d\u00eda.<\/p>\t\t\t\t\t\t\t\t<\/div>\n\t\t\t\t<\/div>\n\t\t\t\t<div class=\"elementor-element elementor-element-74f45a9 elementor-widget-divider--view-line elementor-widget elementor-widget-divider\" data-id=\"74f45a9\" data-element_type=\"widget\" data-e-type=\"widget\" data-widget_type=\"divider.default\">\n\t\t\t\t<div class=\"elementor-widget-container\">\n\t\t\t\t\t\t\t<div class=\"elementor-divider\">\n\t\t\t<span class=\"elementor-divider-separator\">\n\t\t\t\t\t\t<\/span>\n\t\t<\/div>\n\t\t\t\t\t\t<\/div>\n\t\t\t\t<\/div>\n\t\t\t\t<div class=\"elementor-element elementor-element-5c92f9e elementor-widget elementor-widget-heading\" data-id=\"5c92f9e\" data-element_type=\"widget\" data-e-type=\"widget\" data-widget_type=\"heading.default\">\n\t\t\t\t<div class=\"elementor-widget-container\">\n\t\t\t\t\t<h3 class=\"elementor-heading-title elementor-size-default\">Conclusi\u00f3n<\/h3>\t\t\t\t<\/div>\n\t\t\t\t<\/div>\n\t\t\t\t<div class=\"elementor-element elementor-element-7f8b063 elementor-widget elementor-widget-text-editor\" data-id=\"7f8b063\" data-element_type=\"widget\" data-e-type=\"widget\" data-widget_type=\"text-editor.default\">\n\t\t\t\t<div class=\"elementor-widget-container\">\n\t\t\t\t\t\t\t\t\t<p>El cuidado de una persona no tiene por qu\u00e9 ser ca\u00f3tico ni abrumador. Con una organizaci\u00f3n adecuada, informaci\u00f3n clara y un apoyo espec\u00edfico, se convierte en algo planificable y manejable. <\/p>\n<p>Quien empieza pronto a poner orden en su propia situaci\u00f3n, se alivia a s\u00ed mismo y, al mismo tiempo, sienta unas bases m\u00e1s s\u00f3lidas para la persona a su cargo.<\/p>\t\t\t\t\t\t\t\t<\/div>\n\t\t\t\t<\/div>\n\t\t\t\t\t<\/div>\n\t\t\t\t<\/div>\n\t\t\t\t<\/div>\n\t\t","protected":false},"excerpt":{"rendered":"<p>Los cuidados en el d\u00eda a d\u00eda pueden volverse complejos r\u00e1pidamente. Con una estructura clara, la informaci\u00f3n adecuada y soluciones espec\u00edficas, se vuelven previsibles, manejables y sostenibles a largo plazo para los familiares que prestan cuidados. <\/p>\n","protected":false},"author":1,"featured_media":5366,"comment_status":"closed","ping_status":"closed","sticky":false,"template":"","format":"standard","meta":{"footnotes":""},"categories":[47],"tags":[],"class_list":["post-5372","post","type-post","status-publish","format-standard","has-post-thumbnail","hentry","category-atencion-y-apoyo"],"_links":{"self":[{"href":"https:\/\/sanvida.ch\/es\/wp-json\/wp\/v2\/posts\/5372","targetHints":{"allow":["GET"]}}],"collection":[{"href":"https:\/\/sanvida.ch\/es\/wp-json\/wp\/v2\/posts"}],"about":[{"href":"https:\/\/sanvida.ch\/es\/wp-json\/wp\/v2\/types\/post"}],"author":[{"embeddable":true,"href":"https:\/\/sanvida.ch\/es\/wp-json\/wp\/v2\/users\/1"}],"replies":[{"embeddable":true,"href":"https:\/\/sanvida.ch\/es\/wp-json\/wp\/v2\/comments?post=5372"}],"version-history":[{"count":1,"href":"https:\/\/sanvida.ch\/es\/wp-json\/wp\/v2\/posts\/5372\/revisions"}],"predecessor-version":[{"id":5373,"href":"https:\/\/sanvida.ch\/es\/wp-json\/wp\/v2\/posts\/5372\/revisions\/5373"}],"wp:featuredmedia":[{"embeddable":true,"href":"https:\/\/sanvida.ch\/es\/wp-json\/wp\/v2\/media\/5366"}],"wp:attachment":[{"href":"https:\/\/sanvida.ch\/es\/wp-json\/wp\/v2\/media?parent=5372"}],"wp:term":[{"taxonomy":"category","embeddable":true,"href":"https:\/\/sanvida.ch\/es\/wp-json\/wp\/v2\/categories?post=5372"},{"taxonomy":"post_tag","embeddable":true,"href":"https:\/\/sanvida.ch\/es\/wp-json\/wp\/v2\/tags?post=5372"}],"curies":[{"name":"wp","href":"https:\/\/api.w.org\/{rel}","templated":true}]}}