{"id":5410,"date":"2026-04-15T10:49:14","date_gmt":"2026-04-15T08:49:14","guid":{"rendered":"https:\/\/sanvida.ch\/el-cuidado-requiere-equilibrio-humanidad-y-estructura-en-el-dia-a-dia\/"},"modified":"2026-04-15T12:45:26","modified_gmt":"2026-04-15T10:45:26","slug":"el-cuidado-requiere-equilibrio-humanidad-y-estructura-en-el-dia-a-dia","status":"publish","type":"post","link":"https:\/\/sanvida.ch\/es\/el-cuidado-requiere-equilibrio-humanidad-y-estructura-en-el-dia-a-dia\/","title":{"rendered":"El cuidado requiere equilibrio: humanidad y estructura en el d\u00eda a d\u00eda"},"content":{"rendered":"\t\t<div data-elementor-type=\"wp-post\" data-elementor-id=\"5410\" class=\"elementor elementor-5410 elementor-5386\" data-elementor-post-type=\"post\">\n\t\t\t\t<div class=\"elementor-element elementor-element-fd58b5f e-flex e-con-boxed e-con e-parent\" data-id=\"fd58b5f\" data-element_type=\"container\" data-e-type=\"container\">\n\t\t\t\t\t<div class=\"e-con-inner\">\n\t\t\t\t<div class=\"elementor-element elementor-element-133b13f elementor-widget elementor-widget-text-editor\" data-id=\"133b13f\" data-element_type=\"widget\" data-e-type=\"widget\" data-widget_type=\"text-editor.default\">\n\t\t\t\t<div class=\"elementor-widget-container\">\n\t\t\t\t\t\t\t\t\t<p><strong>Los cuidados siempre comienzan con las personas.<\/strong><br>Surgen de la cercan\u00eda, de la confianza y del deseo de estar ah\u00ed para alguien. Precisamente para los familiares que prestan cuidados, este v\u00ednculo emocional es la motivaci\u00f3n m\u00e1s importante. Les da fuerzas, orientaci\u00f3n y sentido.  <\/p><p>Doch genau hier liegt auch die Herausforderung: Pflege ist nicht nur Beziehung, sondern gleichzeitig Organisation. Termine, Abkl\u00e4rungen, Anspr\u00fcche, Abl\u00e4ufe \u2013 all das l\u00e4uft parallel zur zwischenmenschlichen Ebene. Und wenn diese beiden Welten nicht zusammenfinden, wird Pflege schnell zur dauerhaften Belastung.  <\/p>\t\t\t\t\t\t\t\t<\/div>\n\t\t\t\t<\/div>\n\t\t\t\t<div class=\"elementor-element elementor-element-d7798f2 elementor-widget elementor-widget-heading\" data-id=\"d7798f2\" data-element_type=\"widget\" data-e-type=\"widget\" data-widget_type=\"heading.default\">\n\t\t\t\t<div class=\"elementor-widget-container\">\n\t\t\t\t\t<h3 class=\"elementor-heading-title elementor-size-default\">Cuando la emoci\u00f3n se mezcla con la vida cotidiana<\/h3>\t\t\t\t<\/div>\n\t\t\t\t<\/div>\n\t\t\t\t<div class=\"elementor-element elementor-element-97828c9 elementor-widget elementor-widget-text-editor\" data-id=\"97828c9\" data-element_type=\"widget\" data-e-type=\"widget\" data-widget_type=\"text-editor.default\">\n\t\t\t\t<div class=\"elementor-widget-container\">\n\t\t\t\t\t\t\t\t\t<p>Muchas situaciones no surgen porque el cuidado sea en s\u00ed mismo demasiado dif\u00edcil, sino porque se lleva a cabo de forma desorganizada. Las decisiones se toman de forma espont\u00e1nea, falta informaci\u00f3n o llega demasiado tarde, y la vida cotidiana se desarrolla de forma reactiva en lugar de seg\u00fan lo previsto. <\/p><p>Esto hace que incluso hasta las tareas m\u00e1s sencillas nos cuesten de repente mucha energ\u00eda. No porque sean complejas, sino porque nos falta una visi\u00f3n general. <\/p><p>Al mismo tiempo, la responsabilidad emocional sigue presente. Uno quiere hacerlo todo bien, no decepcionar a nadie y apoyar a los familiares lo mejor posible. Es precisamente esta combinaci\u00f3n de responsabilidad y falta de claridad la que genera presi\u00f3n a largo plazo.  <\/p>\t\t\t\t\t\t\t\t<\/div>\n\t\t\t\t<\/div>\n\t\t\t\t<div class=\"elementor-element elementor-element-38f7cc4 elementor-widget elementor-widget-heading\" data-id=\"38f7cc4\" data-element_type=\"widget\" data-e-type=\"widget\" data-widget_type=\"heading.default\">\n\t\t\t\t<div class=\"elementor-widget-container\">\n\t\t\t\t\t<h3 class=\"elementor-heading-title elementor-size-default\">Por qu\u00e9 la estructura no tiene nada que ver con la distancia<\/h3>\t\t\t\t<\/div>\n\t\t\t\t<\/div>\n\t\t\t\t<div class=\"elementor-element elementor-element-157a3a4 elementor-widget elementor-widget-text-editor\" data-id=\"157a3a4\" data-element_type=\"widget\" data-e-type=\"widget\" data-widget_type=\"text-editor.default\">\n\t\t\t\t<div class=\"elementor-widget-container\">\n\t\t\t\t\t\t\t\t\t<p>Una idea muy extendida es que una mayor organizaci\u00f3n reduce el lado humano de los cuidados. En realidad, ocurre todo lo contrario. <\/p><p><strong>La estructura crea espacio.<\/strong><br>Espacio para tomar decisiones conscientes, para una presencia aut\u00e9ntica y para momentos que no est\u00e9n marcados por el estr\u00e9s o la incertidumbre.<\/p><p>Cuando queda claro qu\u00e9 hay que hacer, cu\u00e1ndo ocurre algo y qu\u00e9 opciones hay, cambia toda la din\u00e1mica. El cuidado ya no es solo algo que hay que sobrellevar, sino que se gestiona de forma activa. <\/p><p>Eso no significa que todo tenga que salir perfecto. Significa que hay un rumbo. <\/p>\t\t\t\t\t\t\t\t<\/div>\n\t\t\t\t<\/div>\n\t\t\t\t<div class=\"elementor-element elementor-element-687af9d elementor-widget elementor-widget-heading\" data-id=\"687af9d\" data-element_type=\"widget\" data-e-type=\"widget\" data-widget_type=\"heading.default\">\n\t\t\t\t<div class=\"elementor-widget-container\">\n\t\t\t\t\t<h3 class=\"elementor-heading-title elementor-size-default\">El equilibrio que hace que el cuidado sea llevadero<\/h3>\t\t\t\t<\/div>\n\t\t\t\t<\/div>\n\t\t\t\t<div class=\"elementor-element elementor-element-1af73ed elementor-widget elementor-widget-text-editor\" data-id=\"1af73ed\" data-element_type=\"widget\" data-e-type=\"widget\" data-widget_type=\"text-editor.default\">\n\t\t\t\t<div class=\"elementor-widget-container\">\n\t\t\t\t\t\t\t\t\t<p>A largo plazo, el cuidado solo funciona si ambas partes est\u00e1n en equilibrio.<br>La humanidad sin estructura conduce al agotamiento.<br>La estructura sin humanidad pierde su sentido.<\/p><p>El equilibrio se alcanza cuando los procesos claros se adaptan a las necesidades reales. Cuando la organizaci\u00f3n sirve de apoyo en lugar de limitar. Y cuando las decisiones no se toman por estr\u00e9s, sino con claridad.  <\/p><p>Es precisamente ah\u00ed donde el cuidado se vuelve viable, no solo en el momento, sino a largo plazo.<\/p>\t\t\t\t\t\t\t\t<\/div>\n\t\t\t\t<\/div>\n\t\t\t\t<div class=\"elementor-element elementor-element-56bd0d2 elementor-widget elementor-widget-heading\" data-id=\"56bd0d2\" data-element_type=\"widget\" data-e-type=\"widget\" data-widget_type=\"heading.default\">\n\t\t\t\t<div class=\"elementor-widget-container\">\n\t\t\t\t\t<h3 class=\"elementor-heading-title elementor-size-default\">C\u00f3mo ayuda Sanvida<\/h3>\t\t\t\t<\/div>\n\t\t\t\t<\/div>\n\t\t\t\t<div class=\"elementor-element elementor-element-a00cb80 elementor-widget elementor-widget-text-editor\" data-id=\"a00cb80\" data-element_type=\"widget\" data-e-type=\"widget\" data-widget_type=\"text-editor.default\">\n\t\t\t\t<div class=\"elementor-widget-container\">\n\t\t\t\t\t\t\t\t\t<p>Sanvida parte precisamente de ah\u00ed. No con conceptos te\u00f3ricos, sino con un enfoque claro en la vida cotidiana. <\/p><p>El objetivo es ayudar a los familiares que prestan cuidados a organizar su situaci\u00f3n particular, a explicarla con claridad y a darle una estructura que funcione. De este modo, poco a poco se va ganando en claridad, seguridad y, sobre todo, tranquilidad en el d\u00eda a d\u00eda. <\/p><p>En todo momento, la persona sigue siendo el centro. La organizaci\u00f3n no es un fin en s\u00ed misma, sino una herramienta para que la atenci\u00f3n sea humana y, al mismo tiempo, estable. <\/p><p>La comunicaci\u00f3n tambi\u00e9n es una parte importante de ello. Precisamente en Suiza, donde muchas personas viven en un entorno multiling\u00fce, es fundamental sentirse realmente comprendido. Por eso, Sanvida ofrece asistencia en varios idiomas: alem\u00e1n, italiano, franc\u00e9s, ingl\u00e9s o en la lengua materna de cada persona.  <\/p>\t\t\t\t\t\t\t\t<\/div>\n\t\t\t\t<\/div>\n\t\t\t\t<div class=\"elementor-element elementor-element-74f45a9 elementor-widget-divider--view-line elementor-widget elementor-widget-divider\" data-id=\"74f45a9\" data-element_type=\"widget\" data-e-type=\"widget\" data-widget_type=\"divider.default\">\n\t\t\t\t<div class=\"elementor-widget-container\">\n\t\t\t\t\t\t\t<div class=\"elementor-divider\">\n\t\t\t<span class=\"elementor-divider-separator\">\n\t\t\t\t\t\t<\/span>\n\t\t<\/div>\n\t\t\t\t\t\t<\/div>\n\t\t\t\t<\/div>\n\t\t\t\t<div class=\"elementor-element elementor-element-5c92f9e elementor-widget elementor-widget-heading\" data-id=\"5c92f9e\" data-element_type=\"widget\" data-e-type=\"widget\" data-widget_type=\"heading.default\">\n\t\t\t\t<div class=\"elementor-widget-container\">\n\t\t\t\t\t<h3 class=\"elementor-heading-title elementor-size-default\">Conclusi\u00f3n<\/h3>\t\t\t\t<\/div>\n\t\t\t\t<\/div>\n\t\t\t\t<div class=\"elementor-element elementor-element-7f8b063 elementor-widget elementor-widget-text-editor\" data-id=\"7f8b063\" data-element_type=\"widget\" data-e-type=\"widget\" data-widget_type=\"text-editor.default\">\n\t\t\t\t<div class=\"elementor-widget-container\">\n\t\t\t\t\t\t\t\t\t<p>El cuidado siempre tiene dos vertientes: la emocional y la organizativa.<br>Quien intente asumir solo una de ellas, a la larga se encontrar\u00e1 con sus l\u00edmites.<\/p><p>Solo cuando la estructura y la humanidad se unen surge algo que realmente funciona en la vida cotidiana. Algo que no solo sostiene, sino que tambi\u00e9n alivia. <\/p>\t\t\t\t\t\t\t\t<\/div>\n\t\t\t\t<\/div>\n\t\t\t\t\t<\/div>\n\t\t\t\t<\/div>\n\t\t\t\t<\/div>\n\t\t","protected":false},"excerpt":{"rendered":"<p>El cuidado combina la cercan\u00eda y la responsabilidad con la organizaci\u00f3n y la planificaci\u00f3n. Encontrar el equilibrio adecuado es fundamental para que la vida cotidiana resulte sostenible a largo plazo. <\/p>\n","protected":false},"author":1,"featured_media":5396,"comment_status":"closed","ping_status":"closed","sticky":false,"template":"","format":"standard","meta":{"footnotes":""},"categories":[47],"tags":[],"class_list":["post-5410","post","type-post","status-publish","format-standard","has-post-thumbnail","hentry","category-atencion-y-apoyo"],"_links":{"self":[{"href":"https:\/\/sanvida.ch\/es\/wp-json\/wp\/v2\/posts\/5410","targetHints":{"allow":["GET"]}}],"collection":[{"href":"https:\/\/sanvida.ch\/es\/wp-json\/wp\/v2\/posts"}],"about":[{"href":"https:\/\/sanvida.ch\/es\/wp-json\/wp\/v2\/types\/post"}],"author":[{"embeddable":true,"href":"https:\/\/sanvida.ch\/es\/wp-json\/wp\/v2\/users\/1"}],"replies":[{"embeddable":true,"href":"https:\/\/sanvida.ch\/es\/wp-json\/wp\/v2\/comments?post=5410"}],"version-history":[{"count":3,"href":"https:\/\/sanvida.ch\/es\/wp-json\/wp\/v2\/posts\/5410\/revisions"}],"predecessor-version":[{"id":5413,"href":"https:\/\/sanvida.ch\/es\/wp-json\/wp\/v2\/posts\/5410\/revisions\/5413"}],"wp:featuredmedia":[{"embeddable":true,"href":"https:\/\/sanvida.ch\/es\/wp-json\/wp\/v2\/media\/5396"}],"wp:attachment":[{"href":"https:\/\/sanvida.ch\/es\/wp-json\/wp\/v2\/media?parent=5410"}],"wp:term":[{"taxonomy":"category","embeddable":true,"href":"https:\/\/sanvida.ch\/es\/wp-json\/wp\/v2\/categories?post=5410"},{"taxonomy":"post_tag","embeddable":true,"href":"https:\/\/sanvida.ch\/es\/wp-json\/wp\/v2\/tags?post=5410"}],"curies":[{"name":"wp","href":"https:\/\/api.w.org\/{rel}","templated":true}]}}