{"id":2692,"date":"2025-01-20T11:11:36","date_gmt":"2025-01-20T10:11:36","guid":{"rendered":"https:\/\/sanvida.ch\/parents-dependants-un-soutien-sans-institution\/"},"modified":"2025-04-04T14:28:23","modified_gmt":"2025-04-04T12:28:23","slug":"parents-dependants-un-soutien-sans-institution","status":"publish","type":"post","link":"https:\/\/sanvida.ch\/fr\/parents-dependants-un-soutien-sans-institution\/","title":{"rendered":"Parents d\u00e9pendants : un soutien sans institution"},"content":{"rendered":"\t\t<div data-elementor-type=\"wp-post\" data-elementor-id=\"2692\" class=\"elementor elementor-2692 elementor-828\" data-elementor-post-type=\"post\">\n\t\t\t\t<div class=\"elementor-element elementor-element-8f77480 e-flex e-con-boxed e-con e-parent\" data-id=\"8f77480\" data-element_type=\"container\" data-e-type=\"container\">\n\t\t\t\t\t<div class=\"e-con-inner\">\n\t\t\t\t<div class=\"elementor-element elementor-element-587990f elementor-widget elementor-widget-text-editor\" data-id=\"587990f\" data-element_type=\"widget\" data-e-type=\"widget\" data-widget_type=\"text-editor.default\">\n\t\t\t\t<div class=\"elementor-widget-container\">\n\t\t\t\t\t\t\t\t\t<p>De nombreuses personnes \u00e2g\u00e9es ne souhaitent pas entrer en institution, m\u00eame en cas de d\u00e9pendance. L&rsquo;attachement affectif, la peur de la solitude et le d\u00e9sir d&rsquo;autonomie sont des raisons essentielles. Les proches sont souvent confront\u00e9s au d\u00e9fi de concilier ces souhaits avec leurs propres possibilit\u00e9s.  <\/p>\t\t\t\t\t\t\t\t<\/div>\n\t\t\t\t<\/div>\n\t\t\t\t<div class=\"elementor-element elementor-element-fe14cb2 elementor-widget elementor-widget-heading\" data-id=\"fe14cb2\" data-element_type=\"widget\" data-e-type=\"widget\" data-widget_type=\"heading.default\">\n\t\t\t\t<div class=\"elementor-widget-container\">\n\t\t\t\t\t<h3 class=\"elementor-heading-title elementor-size-default\">Raisons pour lesquelles les parents ne veulent pas aller en institution<\/h3>\t\t\t\t<\/div>\n\t\t\t\t<\/div>\n\t\t\t\t<div class=\"elementor-element elementor-element-6ec1cf4 elementor-widget elementor-widget-text-editor\" data-id=\"6ec1cf4\" data-element_type=\"widget\" data-e-type=\"widget\" data-widget_type=\"text-editor.default\">\n\t\t\t\t<div class=\"elementor-widget-container\">\n\t\t\t\t\t\t\t\t\t<table><thead><tr><th><strong>Raisons<\/strong><\/th><th><strong>Explication<\/strong><\/th><\/tr><\/thead><tbody><tr><td>Lien affectif<\/td><td>L&rsquo;environnement familier offre une s\u00e9curit\u00e9 et un sentiment d&rsquo;appartenance.<\/td><\/tr><tr><td>peur de l&rsquo;isolement<\/td><td>Inqui\u00e9tude de perdre le contact avec la famille et l&rsquo;entourage en institution<\/td><\/tr><tr><td>Perte d&rsquo;autonomie<\/td><td>Sentiment de perdre le contr\u00f4le de sa propre vie.<\/td><\/tr><tr><td>Stigmatisation<\/td><td>Perception n\u00e9gative des institutions et de la peur d&rsquo;\u00eatre consid\u00e9r\u00e9 comme \u00ab\u00a0expuls\u00e9\u00a0\u00bb.<\/td><\/tr><\/tbody><\/table>\t\t\t\t\t\t\t\t<\/div>\n\t\t\t\t<\/div>\n\t\t\t\t<div class=\"elementor-element elementor-element-c3c39e1 elementor-widget elementor-widget-heading\" data-id=\"c3c39e1\" data-element_type=\"widget\" data-e-type=\"widget\" data-widget_type=\"heading.default\">\n\t\t\t\t<div class=\"elementor-widget-container\">\n\t\t\t\t\t<h3 class=\"elementor-heading-title elementor-size-default\">Solutions de soins \u00e0 domicile<\/h3>\t\t\t\t<\/div>\n\t\t\t\t<\/div>\n\t\t\t\t<div class=\"elementor-element elementor-element-f8efb2e elementor-widget elementor-widget-text-editor\" data-id=\"f8efb2e\" data-element_type=\"widget\" data-e-type=\"widget\" data-widget_type=\"text-editor.default\">\n\t\t\t\t<div class=\"elementor-widget-container\">\n\t\t\t\t\t\t\t\t\t<p>Les services de soutien tels que les services de soins ambulatoires, l&rsquo;accueil de jour ou les am\u00e9nagements li\u00e9s \u00e0 l&rsquo;\u00e2ge peuvent rendre le souhait de soins \u00e0 domicile r\u00e9alisable. Un dialogue ouvert au sein de la famille est alors indispensable pour prendre en compte les besoins de chacun. <\/p><p>Le choix entre les soins \u00e0 domicile et la maison de retraite reste individuel. Avec une planification et un soutien minutieux, il est possible de vieillir dignement chez soi. <\/p>\t\t\t\t\t\t\t\t<\/div>\n\t\t\t\t<\/div>\n\t\t\t\t<div class=\"elementor-element elementor-element-442d3f8 elementor-widget elementor-widget-heading\" data-id=\"442d3f8\" data-element_type=\"widget\" data-e-type=\"widget\" data-widget_type=\"heading.default\">\n\t\t\t\t<div class=\"elementor-widget-container\">\n\t\t\t\t\t<h3 class=\"elementor-heading-title elementor-size-default\">Soins \u00e0 domicile vs. maison de soins<\/h3>\t\t\t\t<\/div>\n\t\t\t\t<\/div>\n\t\t\t\t<div class=\"elementor-element elementor-element-6fb50ea elementor-widget elementor-widget-text-editor\" data-id=\"6fb50ea\" data-element_type=\"widget\" data-e-type=\"widget\" data-widget_type=\"text-editor.default\">\n\t\t\t\t<div class=\"elementor-widget-container\">\n\t\t\t\t\t\t\t\t\t<table><thead><tr><th><strong>Aspect<\/strong><\/th><th><strong>Soins \u00e0 domicile<\/strong><\/th><th><strong>Maison de soins<\/strong><\/th><\/tr><\/thead><tbody><tr><td><strong>Co\u00fbts<\/strong><\/td><td>Tr\u00e8s variable en fonction du soutien.<\/td><td>Co\u00fbts fixes, souvent partiellement couverts.<\/td><\/tr><tr><td><strong>Environnement social<\/strong><\/td><td>La famille reste proche, mais peut \u00eatre surcharg\u00e9e.<\/td><td>Contact avec les r\u00e9sidents, moins d&rsquo;intimit\u00e9.<\/td><\/tr><tr><td><strong>Qualit\u00e9 des soins<\/strong><\/td><td>Varie selon l&rsquo;organisation de l&rsquo;aide.<\/td><td>Soins professionnels 24 heures sur 24.<\/td><\/tr><tr><td><strong>Flexibilit\u00e9<\/strong><\/td><td>Adaptation possible aux souhaits.<\/td><td>Contraintes impos\u00e9es par les structures d&rsquo;accueil.<\/td><\/tr><\/tbody><\/table>\t\t\t\t\t\t\t\t<\/div>\n\t\t\t\t<\/div>\n\t\t\t\t<div class=\"elementor-element elementor-element-b5318bc elementor-widget elementor-widget-heading\" data-id=\"b5318bc\" data-element_type=\"widget\" data-e-type=\"widget\" data-widget_type=\"heading.default\">\n\t\t\t\t<div class=\"elementor-widget-container\">\n\t\t\t\t\t<h3 class=\"elementor-heading-title elementor-size-default\">Approches pratiques des soins \u00e0 domicile<\/h3>\t\t\t\t<\/div>\n\t\t\t\t<\/div>\n\t\t\t\t<div class=\"elementor-element elementor-element-755b421 elementor-widget elementor-widget-text-editor\" data-id=\"755b421\" data-element_type=\"widget\" data-e-type=\"widget\" data-widget_type=\"text-editor.default\">\n\t\t\t\t<div class=\"elementor-widget-container\">\n\t\t\t\t\t\t\t\t\t<ul><li><strong>Services de soins ambulatoires :<\/strong> assistance pour les soins personnels, les m\u00e9dicaments ou les t\u00e2ches m\u00e9nag\u00e8res.<\/li><li><strong>Prise en charge de jour :<\/strong> prise en charge pendant la journ\u00e9e pour soulager les proches.<\/li><li><strong>Adaptation du logement :<\/strong> des am\u00e9nagements accessibles pour plus de s\u00e9curit\u00e9.<\/li><li><strong>Conseil en mati\u00e8re de soins :<\/strong> conseils professionnels sur l&rsquo;organisation et le financement.<br><br><\/li><\/ul><p>Une communication ouverte est essentielle pour r\u00e9pondre aux besoins de chacun. L&rsquo;aide financi\u00e8re, comme l&rsquo;allocation de soins ou les prestations en nature, peut apporter un soulagement suppl\u00e9mentaire. <\/p><p>Avec une planification claire et des offres adapt\u00e9es, comme celles propos\u00e9es <strong>par Sanvida<\/strong>, vivre chez soi est souvent r\u00e9alisable.<\/p>\t\t\t\t\t\t\t\t<\/div>\n\t\t\t\t<\/div>\n\t\t\t\t\t<\/div>\n\t\t\t\t<\/div>\n\t\t\t\t<\/div>\n\t\t","protected":false},"excerpt":{"rendered":"<p>De nombreuses personnes \u00e2g\u00e9es ne souhaitent pas entrer en institution, m\u00eame en cas de d\u00e9pendance. L&rsquo;attachement affectif, la peur de la solitude et le d\u00e9sir d&rsquo;autonomie sont des raisons essentielles. Les proches sont souvent confront\u00e9s au d\u00e9fi de concilier ces souhaits avec leurs propres possibilit\u00e9s. Raisons pour lesquelles les parents ne veulent pas aller en [&hellip;]<\/p>\n","protected":false},"author":1,"featured_media":2402,"comment_status":"closed","ping_status":"closed","sticky":false,"template":"","format":"standard","meta":{"footnotes":""},"categories":[49],"tags":[87,88,85,86,58,84,89],"class_list":["post-2692","post","type-post","status-publish","format-standard","has-post-thumbnail","hentry","category-soins-et-assistance","tag-accueil-de-jour","tag-maison-de-soins","tag-parents-dependants","tag-services-de-soins-ambulatoires","tag-soins-a-domicile","tag-soins-a-domicile-fr","tag-soutien-social"],"_links":{"self":[{"href":"https:\/\/sanvida.ch\/fr\/wp-json\/wp\/v2\/posts\/2692","targetHints":{"allow":["GET"]}}],"collection":[{"href":"https:\/\/sanvida.ch\/fr\/wp-json\/wp\/v2\/posts"}],"about":[{"href":"https:\/\/sanvida.ch\/fr\/wp-json\/wp\/v2\/types\/post"}],"author":[{"embeddable":true,"href":"https:\/\/sanvida.ch\/fr\/wp-json\/wp\/v2\/users\/1"}],"replies":[{"embeddable":true,"href":"https:\/\/sanvida.ch\/fr\/wp-json\/wp\/v2\/comments?post=2692"}],"version-history":[{"count":3,"href":"https:\/\/sanvida.ch\/fr\/wp-json\/wp\/v2\/posts\/2692\/revisions"}],"predecessor-version":[{"id":2702,"href":"https:\/\/sanvida.ch\/fr\/wp-json\/wp\/v2\/posts\/2692\/revisions\/2702"}],"wp:featuredmedia":[{"embeddable":true,"href":"https:\/\/sanvida.ch\/fr\/wp-json\/wp\/v2\/media\/2402"}],"wp:attachment":[{"href":"https:\/\/sanvida.ch\/fr\/wp-json\/wp\/v2\/media?parent=2692"}],"wp:term":[{"taxonomy":"category","embeddable":true,"href":"https:\/\/sanvida.ch\/fr\/wp-json\/wp\/v2\/categories?post=2692"},{"taxonomy":"post_tag","embeddable":true,"href":"https:\/\/sanvida.ch\/fr\/wp-json\/wp\/v2\/tags?post=2692"}],"curies":[{"name":"wp","href":"https:\/\/api.w.org\/{rel}","templated":true}]}}