{"id":5378,"date":"2026-04-07T13:04:57","date_gmt":"2026-04-07T11:04:57","guid":{"rendered":"https:\/\/sanvida.ch\/les-soins-au-quotidien-organisation-clarte-et-veritable-soulagement\/"},"modified":"2026-04-07T14:37:51","modified_gmt":"2026-04-07T12:37:51","slug":"les-soins-au-quotidien-organisation-clarte-et-veritable-soulagement","status":"publish","type":"post","link":"https:\/\/sanvida.ch\/fr\/les-soins-au-quotidien-organisation-clarte-et-veritable-soulagement\/","title":{"rendered":"Les soins au quotidien : organisation, clart\u00e9 et v\u00e9ritable soulagement"},"content":{"rendered":"\t\t<div data-elementor-type=\"wp-post\" data-elementor-id=\"5378\" class=\"elementor elementor-5378 elementor-5340\" data-elementor-post-type=\"post\">\n\t\t\t\t<div class=\"elementor-element elementor-element-fd58b5f e-flex e-con-boxed e-con e-parent\" data-id=\"fd58b5f\" data-element_type=\"container\" data-e-type=\"container\">\n\t\t\t\t\t<div class=\"e-con-inner\">\n\t\t\t\t<div class=\"elementor-element elementor-element-133b13f elementor-widget elementor-widget-text-editor\" data-id=\"133b13f\" data-element_type=\"widget\" data-e-type=\"widget\" data-widget_type=\"text-editor.default\">\n\t\t\t\t<div class=\"elementor-widget-container\">\n\t\t\t\t\t\t\t\t\tS&rsquo;occuper d&rsquo;un proche bouleverse souvent compl\u00e8tement le quotidien. Ce qui allait autrefois de soi devient soudainement un d\u00e9fi quotidien. Il faut prendre des d\u00e9cisions rapidement, les t\u00e2ches organisationnelles s&rsquo;accumulent et, dans le m\u00eame temps, il ne reste pratiquement plus de temps pour soi.  \t\t\t\t\t\t\t\t<\/div>\n\t\t\t\t<\/div>\n\t\t\t\t<div class=\"elementor-element elementor-element-d7798f2 elementor-widget elementor-widget-heading\" data-id=\"d7798f2\" data-element_type=\"widget\" data-e-type=\"widget\" data-widget_type=\"heading.default\">\n\t\t\t\t<div class=\"elementor-widget-container\">\n\t\t\t\t\t<h3 class=\"elementor-heading-title elementor-size-default\">Les soins soul\u00e8vent chaque jour de nouvelles questions.<\/h3>\t\t\t\t<\/div>\n\t\t\t\t<\/div>\n\t\t\t\t<div class=\"elementor-element elementor-element-97828c9 elementor-widget elementor-widget-text-editor\" data-id=\"97828c9\" data-element_type=\"widget\" data-e-type=\"widget\" data-widget_type=\"text-editor.default\">\n\t\t\t\t<div class=\"elementor-widget-container\">\n\t\t\t\t\t\t\t\t\tL&rsquo;organisation, les exigences et les responsabilit\u00e9s se recoupent. Sans structure claire, on se retrouve rapidement d\u00e9bord\u00e9. \t\t\t\t\t\t\t\t<\/div>\n\t\t\t\t<\/div>\n\t\t\t\t<div class=\"elementor-element elementor-element-38f7cc4 elementor-widget elementor-widget-heading\" data-id=\"38f7cc4\" data-element_type=\"widget\" data-e-type=\"widget\" data-widget_type=\"heading.default\">\n\t\t\t\t<div class=\"elementor-widget-container\">\n\t\t\t\t\t<h3 class=\"elementor-heading-title elementor-size-default\">Pourquoi les soins deviennent rapidement complexes<\/h3>\t\t\t\t<\/div>\n\t\t\t\t<\/div>\n\t\t\t\t<div class=\"elementor-element elementor-element-157a3a4 elementor-widget elementor-widget-text-editor\" data-id=\"157a3a4\" data-element_type=\"widget\" data-e-type=\"widget\" data-widget_type=\"text-editor.default\">\n\t\t\t\t<div class=\"elementor-widget-container\">\n\t\t\t\t\t\t\t\t\t<p data-start=\"665\" data-end=\"723\">De nombreux proches aidants sont confront\u00e9s \u00e0 des probl\u00e8mes similaires :<\/p>\n<ul data-start=\"725\" data-end=\"916\">\n<li data-section-id=\"x1dinm\" data-start=\"725\" data-end=\"752\">Un manque de clart\u00e9 quant aux responsabilit\u00e9s<\/li>\n<li data-section-id=\"j1s534\" data-start=\"753\" data-end=\"808\">Manque d&rsquo;informations sur les prestations et les droits<\/li>\n<li data-section-id=\"5p8rzq\" data-start=\"809\" data-end=\"832\">Le manque de temps au quotidien<\/li>\n<li data-section-id=\"17s1rd6\" data-start=\"833\" data-end=\"857\">Stress \u00e9motionnel<\/li>\n<li data-section-id=\"zijexa\" data-start=\"858\" data-end=\"916\">Difficult\u00e9s \u00e0 coordonner les rendez-vous et l&rsquo;accompagnement<\/li>\n<\/ul>\n<p data-start=\"918\" data-end=\"1015\">Ces facteurs font que les soins deviennent une charge non seulement physique, mais aussi mentale.<\/p>\t\t\t\t\t\t\t\t<\/div>\n\t\t\t\t<\/div>\n\t\t\t\t<div class=\"elementor-element elementor-element-687af9d elementor-widget elementor-widget-heading\" data-id=\"687af9d\" data-element_type=\"widget\" data-e-type=\"widget\" data-widget_type=\"heading.default\">\n\t\t\t\t<div class=\"elementor-widget-container\">\n\t\t\t\t\t<h3 class=\"elementor-heading-title elementor-size-default\">Une structure facilite les choses<\/h3>\t\t\t\t<\/div>\n\t\t\t\t<\/div>\n\t\t\t\t<div class=\"elementor-element elementor-element-1af73ed elementor-widget elementor-widget-text-editor\" data-id=\"1af73ed\" data-element_type=\"widget\" data-e-type=\"widget\" data-widget_type=\"text-editor.default\">\n\t\t\t\t<div class=\"elementor-widget-container\">\n\t\t\t\t\t\t\t\t\t<p data-start=\"1050\" data-end=\"1233\">La diff\u00e9rence essentielle r\u00e9side dans la clart\u00e9.<br data-start=\"1102\" data-end=\"1105\">Quand on sait quelles sont les \u00e9tapes \u00e0 suivre et quelles sont les possibilit\u00e9s qui s&rsquo;offrent \u00e0 soi, on peut organiser activement les soins au lieu de se contenter de r\u00e9agir.<\/p>\n<p data-start=\"1235\" data-end=\"1270\">Une bonne organisation est utile \u00e0 cet \u00e9gard :<\/p>\n<ul data-start=\"1272\" data-end=\"1431\">\n<li data-section-id=\"1975fz4\" data-start=\"1272\" data-end=\"1309\">Hi\u00e9rarchiser judicieusement les t\u00e2ches<\/li>\n<li data-section-id=\"lmv52\" data-start=\"1310\" data-end=\"1354\">Utiliser de mani\u00e8re cibl\u00e9e les offres d&rsquo;aide<\/li>\n<li data-section-id=\"1y4lej8\" data-start=\"1355\" data-end=\"1385\">Utiliser son temps efficacement<\/li>\n<li data-section-id=\"mdyd68\" data-start=\"1386\" data-end=\"1431\">Sicherheit bei Entscheidungen zu gewinnen<\/li>\n<\/ul>\n<p data-start=\"1433\" data-end=\"1487\">Les soins deviennent ainsi plus faciles \u00e0 planifier et plus viables \u00e0 long terme.<\/p>\t\t\t\t\t\t\t\t<\/div>\n\t\t\t\t<\/div>\n\t\t\t\t<div class=\"elementor-element elementor-element-56bd0d2 elementor-widget elementor-widget-heading\" data-id=\"56bd0d2\" data-element_type=\"widget\" data-e-type=\"widget\" data-widget_type=\"heading.default\">\n\t\t\t\t<div class=\"elementor-widget-container\">\n\t\t\t\t\t<h3 class=\"elementor-heading-title elementor-size-default\">Des solutions plut\u00f4t que le surmenage<\/h3>\t\t\t\t<\/div>\n\t\t\t\t<\/div>\n\t\t\t\t<div class=\"elementor-element elementor-element-a00cb80 elementor-widget elementor-widget-text-editor\" data-id=\"a00cb80\" data-element_type=\"widget\" data-e-type=\"widget\" data-widget_type=\"text-editor.default\">\n\t\t\t\t<div class=\"elementor-widget-container\">\n\t\t\t\t\t\t\t\t\t<p data-start=\"1523\" data-end=\"1688\">De nombreux d\u00e9fis ne surviennent pas parce qu&rsquo;il manque des solutions, mais parce que celles-ci ne sont ni visibles ni compr\u00e9hensibles. C&rsquo;est pr\u00e9cis\u00e9ment l\u00e0 qu&rsquo;intervient une approche structur\u00e9e. <\/p>\n<p data-start=\"1690\" data-end=\"1747\">Mit den richtigen Tools und klaren Prozessen lassen sich:<\/p>\n<ul data-start=\"1749\" data-end=\"1894\">\n<li data-section-id=\"hkbd7w\" data-start=\"1749\" data-end=\"1779\">Simplifier les proc\u00e9dures de soins<\/li>\n<li data-section-id=\"1e77z0g\" data-start=\"1780\" data-end=\"1818\">R\u00e9duire les t\u00e2ches administratives<\/li>\n<li data-section-id=\"ehmgt3\" data-start=\"1819\" data-end=\"1852\">Informationsl\u00fccken schliessen<\/li>\n<li data-section-id=\"1s29u2k\" data-start=\"1853\" data-end=\"1894\">Konkrete Handlungsschritte definieren<\/li>\n<\/ul>\n<p data-start=\"1896\" data-end=\"1996\">L&rsquo;objectif n&rsquo;est pas la perfection, mais une solution fonctionnelle et r\u00e9aliste pour le quotidien.<\/p>\t\t\t\t\t\t\t\t<\/div>\n\t\t\t\t<\/div>\n\t\t\t\t<div class=\"elementor-element elementor-element-027c0f4 elementor-widget elementor-widget-heading\" data-id=\"027c0f4\" data-element_type=\"widget\" data-e-type=\"widget\" data-widget_type=\"heading.default\">\n\t\t\t\t<div class=\"elementor-widget-container\">\n\t\t\t\t\t<h3 class=\"elementor-heading-title elementor-size-default\">Comment Sanvida apporte son soutien<\/h3>\t\t\t\t<\/div>\n\t\t\t\t<\/div>\n\t\t\t\t<div class=\"elementor-element elementor-element-1ae693d elementor-widget elementor-widget-text-editor\" data-id=\"1ae693d\" data-element_type=\"widget\" data-e-type=\"widget\" data-widget_type=\"text-editor.default\">\n\t\t\t\t<div class=\"elementor-widget-container\">\n\t\t\t\t\t\t\t\t\t<p data-start=\"2027\" data-end=\"2205\">Sanvida aide les proches aidants \u00e0 mettre de l&rsquo;ordre dans des situations complexes. L&rsquo;accent est mis sur des solutions pratiques et concr\u00e8tes plut\u00f4t que sur des concepts th\u00e9oriques. <\/p>\n<p data-start=\"2207\" data-end=\"2234\">Il s&rsquo;agit avant tout de :<\/p>\n<ul data-start=\"2236\" data-end=\"2422\">\n<li data-section-id=\"1ikfnpt\" data-start=\"2236\" data-end=\"2284\">Analyse personnalis\u00e9e de la situation actuelle<\/li>\n<li data-section-id=\"1rukd7u\" data-start=\"2285\" data-end=\"2329\">Une structure claire pour les prochaines \u00e9tapes<\/li>\n<li data-section-id=\"1gt1il1\" data-start=\"2330\" data-end=\"2376\">Aide \u00e0 l&rsquo;organisation et \u00e0 la planification<\/li>\n<li data-section-id=\"88z4sz\" data-start=\"2377\" data-end=\"2422\">Compr\u00e9hension du syst\u00e8me et des droits<\/li>\n<\/ul>\n<p data-start=\"2424\" data-end=\"2496\">C&rsquo;est ainsi que, petit \u00e0 petit, on y voit plus clair et qu&rsquo;on se sent plus en s\u00e9curit\u00e9 au quotidien.<\/p>\t\t\t\t\t\t\t\t<\/div>\n\t\t\t\t<\/div>\n\t\t\t\t<div class=\"elementor-element elementor-element-74f45a9 elementor-widget-divider--view-line elementor-widget elementor-widget-divider\" data-id=\"74f45a9\" data-element_type=\"widget\" data-e-type=\"widget\" data-widget_type=\"divider.default\">\n\t\t\t\t<div class=\"elementor-widget-container\">\n\t\t\t\t\t\t\t<div class=\"elementor-divider\">\n\t\t\t<span class=\"elementor-divider-separator\">\n\t\t\t\t\t\t<\/span>\n\t\t<\/div>\n\t\t\t\t\t\t<\/div>\n\t\t\t\t<\/div>\n\t\t\t\t<div class=\"elementor-element elementor-element-5c92f9e elementor-widget elementor-widget-heading\" data-id=\"5c92f9e\" data-element_type=\"widget\" data-e-type=\"widget\" data-widget_type=\"heading.default\">\n\t\t\t\t<div class=\"elementor-widget-container\">\n\t\t\t\t\t<h3 class=\"elementor-heading-title elementor-size-default\">Conclusion<\/h3>\t\t\t\t<\/div>\n\t\t\t\t<\/div>\n\t\t\t\t<div class=\"elementor-element elementor-element-7f8b063 elementor-widget elementor-widget-text-editor\" data-id=\"7f8b063\" data-element_type=\"widget\" data-e-type=\"widget\" data-widget_type=\"text-editor.default\">\n\t\t\t\t<div class=\"elementor-widget-container\">\n\t\t\t\t\t\t\t\t\t<p>Les soins ne doivent pas n\u00e9cessairement \u00eatre chaotiques et accablants. Avec une bonne organisation, des informations claires et un soutien cibl\u00e9, ils deviennent pr\u00e9visibles et g\u00e9rables. <\/p>\n<p>En commen\u00e7ant t\u00f4t \u00e0 mettre de l&rsquo;ordre dans sa propre situation, on se facilite la t\u00e2che tout en cr\u00e9ant de meilleures conditions pour la personne dont on s&rsquo;occupe.<\/p>\t\t\t\t\t\t\t\t<\/div>\n\t\t\t\t<\/div>\n\t\t\t\t\t<\/div>\n\t\t\t\t<\/div>\n\t\t\t\t<\/div>\n\t\t","protected":false},"excerpt":{"rendered":"<p>Les soins au quotidien peuvent rapidement devenir complexes. Gr\u00e2ce \u00e0 une organisation claire, \u00e0 des informations pertinentes et \u00e0 des solutions cibl\u00e9es, ils deviennent pr\u00e9visibles, faciles \u00e0 g\u00e9rer et viables \u00e0 long terme pour les proches aidants. <\/p>\n","protected":false},"author":1,"featured_media":5361,"comment_status":"closed","ping_status":"closed","sticky":false,"template":"","format":"standard","meta":{"footnotes":""},"categories":[49],"tags":[],"class_list":["post-5378","post","type-post","status-publish","format-standard","has-post-thumbnail","hentry","category-soins-et-assistance"],"_links":{"self":[{"href":"https:\/\/sanvida.ch\/fr\/wp-json\/wp\/v2\/posts\/5378","targetHints":{"allow":["GET"]}}],"collection":[{"href":"https:\/\/sanvida.ch\/fr\/wp-json\/wp\/v2\/posts"}],"about":[{"href":"https:\/\/sanvida.ch\/fr\/wp-json\/wp\/v2\/types\/post"}],"author":[{"embeddable":true,"href":"https:\/\/sanvida.ch\/fr\/wp-json\/wp\/v2\/users\/1"}],"replies":[{"embeddable":true,"href":"https:\/\/sanvida.ch\/fr\/wp-json\/wp\/v2\/comments?post=5378"}],"version-history":[{"count":1,"href":"https:\/\/sanvida.ch\/fr\/wp-json\/wp\/v2\/posts\/5378\/revisions"}],"predecessor-version":[{"id":5379,"href":"https:\/\/sanvida.ch\/fr\/wp-json\/wp\/v2\/posts\/5378\/revisions\/5379"}],"wp:featuredmedia":[{"embeddable":true,"href":"https:\/\/sanvida.ch\/fr\/wp-json\/wp\/v2\/media\/5361"}],"wp:attachment":[{"href":"https:\/\/sanvida.ch\/fr\/wp-json\/wp\/v2\/media?parent=5378"}],"wp:term":[{"taxonomy":"category","embeddable":true,"href":"https:\/\/sanvida.ch\/fr\/wp-json\/wp\/v2\/categories?post=5378"},{"taxonomy":"post_tag","embeddable":true,"href":"https:\/\/sanvida.ch\/fr\/wp-json\/wp\/v2\/tags?post=5378"}],"curies":[{"name":"wp","href":"https:\/\/api.w.org\/{rel}","templated":true}]}}