{"id":5414,"date":"2026-04-15T10:49:14","date_gmt":"2026-04-15T08:49:14","guid":{"rendered":"https:\/\/sanvida.ch\/les-soins-exigent-un-equilibre-humanite-et-structure-au-quotidien\/"},"modified":"2026-04-15T12:58:08","modified_gmt":"2026-04-15T10:58:08","slug":"les-soins-exigent-un-equilibre-humanite-et-structure-au-quotidien","status":"publish","type":"post","link":"https:\/\/sanvida.ch\/fr\/les-soins-exigent-un-equilibre-humanite-et-structure-au-quotidien\/","title":{"rendered":"Les soins exigent un \u00e9quilibre : humanit\u00e9 et structure au quotidien"},"content":{"rendered":"\t\t<div data-elementor-type=\"wp-post\" data-elementor-id=\"5414\" class=\"elementor elementor-5414 elementor-5386\" data-elementor-post-type=\"post\">\n\t\t\t\t<div class=\"elementor-element elementor-element-fd58b5f e-flex e-con-boxed e-con e-parent\" data-id=\"fd58b5f\" data-element_type=\"container\" data-e-type=\"container\">\n\t\t\t\t\t<div class=\"e-con-inner\">\n\t\t\t\t<div class=\"elementor-element elementor-element-133b13f elementor-widget elementor-widget-text-editor\" data-id=\"133b13f\" data-element_type=\"widget\" data-e-type=\"widget\" data-widget_type=\"text-editor.default\">\n\t\t\t\t<div class=\"elementor-widget-container\">\n\t\t\t\t\t\t\t\t\t<p><strong>Les soins commencent toujours par l&rsquo;humain.<\/strong><br>Ils naissent de la proximit\u00e9, de la confiance et du d\u00e9sir d&rsquo;\u00eatre l\u00e0 pour quelqu&rsquo;un. Pour les proches aidants en particulier, ce lien affectif est la principale source de motivation. Il leur apporte force, rep\u00e8res et sens.  <\/p><p>Doch genau hier liegt auch die Herausforderung: Pflege ist nicht nur Beziehung, sondern gleichzeitig Organisation. Termine, Abkl\u00e4rungen, Anspr\u00fcche, Abl\u00e4ufe \u2013 all das l\u00e4uft parallel zur zwischenmenschlichen Ebene. Und wenn diese beiden Welten nicht zusammenfinden, wird Pflege schnell zur dauerhaften Belastung.  <\/p>\t\t\t\t\t\t\t\t<\/div>\n\t\t\t\t<\/div>\n\t\t\t\t<div class=\"elementor-element elementor-element-d7798f2 elementor-widget elementor-widget-heading\" data-id=\"d7798f2\" data-element_type=\"widget\" data-e-type=\"widget\" data-widget_type=\"heading.default\">\n\t\t\t\t<div class=\"elementor-widget-container\">\n\t\t\t\t\t<h3 class=\"elementor-heading-title elementor-size-default\">Quand l'\u00e9motion rencontre le quotidien<\/h3>\t\t\t\t<\/div>\n\t\t\t\t<\/div>\n\t\t\t\t<div class=\"elementor-element elementor-element-97828c9 elementor-widget elementor-widget-text-editor\" data-id=\"97828c9\" data-element_type=\"widget\" data-e-type=\"widget\" data-widget_type=\"text-editor.default\">\n\t\t\t\t<div class=\"elementor-widget-container\">\n\t\t\t\t\t\t\t\t\t<p>De nombreuses situations ne surviennent pas parce que les soins sont trop difficiles en soi, mais parce qu\u2019ils sont dispens\u00e9s de mani\u00e8re d\u00e9sorganis\u00e9e. Les d\u00e9cisions sont prises \u00e0 la va-vite, les informations font d\u00e9faut ou arrivent trop tard, et le quotidien se d\u00e9roule de mani\u00e8re plut\u00f4t r\u00e9active que planifi\u00e9e. <\/p><p>Cela fait que m\u00eame les petites t\u00e2ches demandent soudain beaucoup d&rsquo;\u00e9nergie. Non pas parce qu&rsquo;elles sont complexes, mais parce qu&rsquo;on manque de recul. <\/p><p>Dans le m\u00eame temps, la charge \u00e9motionnelle reste pr\u00e9sente. On souhaite tout faire correctement, ne d\u00e9cevoir personne et soutenir au mieux ses proches. C&rsquo;est pr\u00e9cis\u00e9ment cette combinaison de responsabilit\u00e9 et de manque de clart\u00e9 qui g\u00e9n\u00e8re une pression \u00e0 long terme.  <\/p>\t\t\t\t\t\t\t\t<\/div>\n\t\t\t\t<\/div>\n\t\t\t\t<div class=\"elementor-element elementor-element-38f7cc4 elementor-widget elementor-widget-heading\" data-id=\"38f7cc4\" data-element_type=\"widget\" data-e-type=\"widget\" data-widget_type=\"heading.default\">\n\t\t\t\t<div class=\"elementor-widget-container\">\n\t\t\t\t\t<h3 class=\"elementor-heading-title elementor-size-default\">Pourquoi la structure n'a rien \u00e0 voir avec la distance<\/h3>\t\t\t\t<\/div>\n\t\t\t\t<\/div>\n\t\t\t\t<div class=\"elementor-element elementor-element-157a3a4 elementor-widget elementor-widget-text-editor\" data-id=\"157a3a4\" data-element_type=\"widget\" data-e-type=\"widget\" data-widget_type=\"text-editor.default\">\n\t\t\t\t<div class=\"elementor-widget-container\">\n\t\t\t\t\t\t\t\t\t<p>On pense souvent qu&rsquo;une meilleure organisation r\u00e9duit l&rsquo;aspect humain des soins. En r\u00e9alit\u00e9, c&rsquo;est tout le contraire. <\/p><p><strong>La structure cr\u00e9e de l&rsquo;espace.<\/strong><br>De l&rsquo;espace pour prendre des d\u00e9cisions en toute conscience, pour \u00eatre pleinement pr\u00e9sent et pour vivre des moments qui ne sont pas marqu\u00e9s par le stress ou l&rsquo;incertitude.<\/p><p>Lorsque l&rsquo;on sait clairement ce qu&rsquo;il faut faire, quand les choses se produisent et quelles sont les possibilit\u00e9s, toute la dynamique s&rsquo;en trouve modifi\u00e9e. Les soins ne sont plus simplement g\u00e9r\u00e9s, mais activement organis\u00e9s. <\/p><p>Cela ne veut pas dire que tout doit se passer \u00e0 la perfection. Cela signifie simplement qu&rsquo;il y a une direction \u00e0 suivre. <\/p>\t\t\t\t\t\t\t\t<\/div>\n\t\t\t\t<\/div>\n\t\t\t\t<div class=\"elementor-element elementor-element-687af9d elementor-widget elementor-widget-heading\" data-id=\"687af9d\" data-element_type=\"widget\" data-e-type=\"widget\" data-widget_type=\"heading.default\">\n\t\t\t\t<div class=\"elementor-widget-container\">\n\t\t\t\t\t<h3 class=\"elementor-heading-title elementor-size-default\">L'\u00e9quilibre qui rend les soins accessibles<\/h3>\t\t\t\t<\/div>\n\t\t\t\t<\/div>\n\t\t\t\t<div class=\"elementor-element elementor-element-1af73ed elementor-widget elementor-widget-text-editor\" data-id=\"1af73ed\" data-element_type=\"widget\" data-e-type=\"widget\" data-widget_type=\"text-editor.default\">\n\t\t\t\t<div class=\"elementor-widget-container\">\n\t\t\t\t\t\t\t\t\t<p>\u00c0 long terme, les soins ne peuvent fonctionner que si les deux parties trouvent un \u00e9quilibre.<br>L&rsquo;humanit\u00e9 sans structure conduit au surmenage.<br>La structure sans humanit\u00e9 perd tout son sens.<\/p><p>L&rsquo;\u00e9quilibre s&rsquo;installe l\u00e0 o\u00f9 des processus clairs r\u00e9pondent \u00e0 des besoins r\u00e9els. L\u00e0 o\u00f9 l&rsquo;organisation est un soutien et non une contrainte. Et l\u00e0 o\u00f9 les d\u00e9cisions sont prises non pas sous l&rsquo;effet du stress, mais dans la clart\u00e9.  <\/p><p>C&rsquo;est pr\u00e9cis\u00e9ment l\u00e0 que les soins deviennent supportables \u2013 non seulement sur le moment, mais aussi \u00e0 long terme.<\/p>\t\t\t\t\t\t\t\t<\/div>\n\t\t\t\t<\/div>\n\t\t\t\t<div class=\"elementor-element elementor-element-56bd0d2 elementor-widget elementor-widget-heading\" data-id=\"56bd0d2\" data-element_type=\"widget\" data-e-type=\"widget\" data-widget_type=\"heading.default\">\n\t\t\t\t<div class=\"elementor-widget-container\">\n\t\t\t\t\t<h3 class=\"elementor-heading-title elementor-size-default\">Comment Sanvida apporte son soutien<\/h3>\t\t\t\t<\/div>\n\t\t\t\t<\/div>\n\t\t\t\t<div class=\"elementor-element elementor-element-a00cb80 elementor-widget elementor-widget-text-editor\" data-id=\"a00cb80\" data-element_type=\"widget\" data-e-type=\"widget\" data-widget_type=\"text-editor.default\">\n\t\t\t\t<div class=\"elementor-widget-container\">\n\t\t\t\t\t\t\t\t\t<p>C&rsquo;est pr\u00e9cis\u00e9ment l\u00e0 qu&rsquo;intervient Sanvida. Non pas avec des concepts th\u00e9oriques, mais en mettant clairement l&rsquo;accent sur le quotidien. <\/p><p>L&rsquo;objectif est d&rsquo;aider les proches aidants \u00e0 mettre de l&rsquo;ordre dans leur situation personnelle, \u00e0 la rendre compr\u00e9hensible et \u00e0 lui donner une structure efficace. Pas \u00e0 pas, cela permet d&rsquo;y voir plus clair, de se sentir plus en s\u00e9curit\u00e9 et, surtout, d&rsquo;apporter plus de s\u00e9r\u00e9nit\u00e9 au quotidien. <\/p><p>L&rsquo;\u00eatre humain reste toujours au c\u0153ur de nos pr\u00e9occupations. L&rsquo;organisation n&rsquo;est pas une fin en soi, mais un outil permettant d&rsquo;assurer des soins \u00e0 la fois humains et stables. <\/p><p>La communication joue \u00e9galement un r\u00f4le essentiel \u00e0 cet \u00e9gard. En Suisse notamment, o\u00f9 de nombreuses personnes vivent dans un environnement multilingue, il est primordial de se sentir v\u00e9ritablement compris. C\u2019est pourquoi Sanvida offre son soutien en plusieurs langues : allemand, italien, fran\u00e7ais, anglais ou dans la langue maternelle de chacun.  <\/p>\t\t\t\t\t\t\t\t<\/div>\n\t\t\t\t<\/div>\n\t\t\t\t<div class=\"elementor-element elementor-element-74f45a9 elementor-widget-divider--view-line elementor-widget elementor-widget-divider\" data-id=\"74f45a9\" data-element_type=\"widget\" data-e-type=\"widget\" data-widget_type=\"divider.default\">\n\t\t\t\t<div class=\"elementor-widget-container\">\n\t\t\t\t\t\t\t<div class=\"elementor-divider\">\n\t\t\t<span class=\"elementor-divider-separator\">\n\t\t\t\t\t\t<\/span>\n\t\t<\/div>\n\t\t\t\t\t\t<\/div>\n\t\t\t\t<\/div>\n\t\t\t\t<div class=\"elementor-element elementor-element-5c92f9e elementor-widget elementor-widget-heading\" data-id=\"5c92f9e\" data-element_type=\"widget\" data-e-type=\"widget\" data-widget_type=\"heading.default\">\n\t\t\t\t<div class=\"elementor-widget-container\">\n\t\t\t\t\t<h3 class=\"elementor-heading-title elementor-size-default\">Conclusion<\/h3>\t\t\t\t<\/div>\n\t\t\t\t<\/div>\n\t\t\t\t<div class=\"elementor-element elementor-element-7f8b063 elementor-widget elementor-widget-text-editor\" data-id=\"7f8b063\" data-element_type=\"widget\" data-e-type=\"widget\" data-widget_type=\"text-editor.default\">\n\t\t\t\t<div class=\"elementor-widget-container\">\n\t\t\t\t\t\t\t\t\t<p>Les soins sont toujours \u00e0 la fois \u00e9motionnels et organisationnels.<br>Quiconque tente de ne s&rsquo;occuper que d&rsquo;un seul de ces aspects se heurtera \u00e0 des limites \u00e0 long terme.<\/p><p>Ce n&rsquo;est que lorsque la structure et l&rsquo;humanit\u00e9 se rejoignent qu&rsquo;il en r\u00e9sulte quelque chose qui fonctionne vraiment au quotidien. Quelque chose qui non seulement soutient, mais soulage aussi. <\/p>\t\t\t\t\t\t\t\t<\/div>\n\t\t\t\t<\/div>\n\t\t\t\t\t<\/div>\n\t\t\t\t<\/div>\n\t\t\t\t<\/div>\n\t\t","protected":false},"excerpt":{"rendered":"<p>Les soins allient proximit\u00e9 et responsabilit\u00e9 \u00e0 l&rsquo;organisation et \u00e0 la planification. C&rsquo;est le juste \u00e9quilibre qui d\u00e9termine si le quotidien reste tenable \u00e0 long terme. <\/p>\n","protected":false},"author":1,"featured_media":5391,"comment_status":"closed","ping_status":"closed","sticky":false,"template":"","format":"standard","meta":{"footnotes":""},"categories":[49],"tags":[],"class_list":["post-5414","post","type-post","status-publish","format-standard","has-post-thumbnail","hentry","category-soins-et-assistance"],"_links":{"self":[{"href":"https:\/\/sanvida.ch\/fr\/wp-json\/wp\/v2\/posts\/5414","targetHints":{"allow":["GET"]}}],"collection":[{"href":"https:\/\/sanvida.ch\/fr\/wp-json\/wp\/v2\/posts"}],"about":[{"href":"https:\/\/sanvida.ch\/fr\/wp-json\/wp\/v2\/types\/post"}],"author":[{"embeddable":true,"href":"https:\/\/sanvida.ch\/fr\/wp-json\/wp\/v2\/users\/1"}],"replies":[{"embeddable":true,"href":"https:\/\/sanvida.ch\/fr\/wp-json\/wp\/v2\/comments?post=5414"}],"version-history":[{"count":3,"href":"https:\/\/sanvida.ch\/fr\/wp-json\/wp\/v2\/posts\/5414\/revisions"}],"predecessor-version":[{"id":5417,"href":"https:\/\/sanvida.ch\/fr\/wp-json\/wp\/v2\/posts\/5414\/revisions\/5417"}],"wp:featuredmedia":[{"embeddable":true,"href":"https:\/\/sanvida.ch\/fr\/wp-json\/wp\/v2\/media\/5391"}],"wp:attachment":[{"href":"https:\/\/sanvida.ch\/fr\/wp-json\/wp\/v2\/media?parent=5414"}],"wp:term":[{"taxonomy":"category","embeddable":true,"href":"https:\/\/sanvida.ch\/fr\/wp-json\/wp\/v2\/categories?post=5414"},{"taxonomy":"post_tag","embeddable":true,"href":"https:\/\/sanvida.ch\/fr\/wp-json\/wp\/v2\/tags?post=5414"}],"curies":[{"name":"wp","href":"https:\/\/api.w.org\/{rel}","templated":true}]}}