{"id":5955,"date":"2026-06-11T11:59:18","date_gmt":"2026-06-11T09:59:18","guid":{"rendered":"https:\/\/sanvida.ch\/troubles-anxieux-comment-les-proches-peuvent-aider-sans-se-surmener\/"},"modified":"2026-06-11T12:25:46","modified_gmt":"2026-06-11T10:25:46","slug":"troubles-anxieux-comment-les-proches-peuvent-aider-sans-se-surmener","status":"publish","type":"post","link":"https:\/\/sanvida.ch\/fr\/troubles-anxieux-comment-les-proches-peuvent-aider-sans-se-surmener\/","title":{"rendered":"Troubles anxieux : comment les proches peuvent aider sans se surmener"},"content":{"rendered":"\t\t<div data-elementor-type=\"wp-post\" data-elementor-id=\"5955\" class=\"elementor elementor-5955 elementor-5926\" data-elementor-post-type=\"post\">\n\t\t\t\t<div class=\"elementor-element elementor-element-fd58b5f e-flex e-con-boxed e-con e-parent\" data-id=\"fd58b5f\" data-element_type=\"container\" data-e-type=\"container\">\n\t\t\t\t\t<div class=\"e-con-inner\">\n\t\t\t\t<div class=\"elementor-element elementor-element-133b13f elementor-widget elementor-widget-text-editor\" data-id=\"133b13f\" data-element_type=\"widget\" data-e-type=\"widget\" data-widget_type=\"text-editor.default\">\n\t\t\t\t<div class=\"elementor-widget-container\">\n\t\t\t\t\t\t\t\t\t<p>Lorsqu&rsquo;un proche souffre d&rsquo;un trouble anxieux, cela affecte souvent toute la famille. De nombreux proches assument des responsabilit\u00e9s, l&rsquo;accompagnent chez le m\u00e9decin, le rassurent dans les moments difficiles et s&rsquo;efforcent de l&rsquo;aider au mieux dans sa vie quotidienne. Ce faisant, leurs propres besoins passent souvent au second plan.  <\/p>\n<p>Mais offrir un bon soutien ne signifie pas devoir tout porter tout seul. Si l&rsquo;on souhaite \u00eatre l\u00e0 pour les autres sur le long terme, il faut aussi veiller \u00e0 ne pas se surmener. <\/p>\t\t\t\t\t\t\t\t<\/div>\n\t\t\t\t<\/div>\n\t\t\t\t<div class=\"elementor-element elementor-element-d7798f2 elementor-widget elementor-widget-heading\" data-id=\"d7798f2\" data-element_type=\"widget\" data-e-type=\"widget\" data-widget_type=\"heading.default\">\n\t\t\t\t<div class=\"elementor-widget-container\">\n\t\t\t\t\t<h3 class=\"elementor-heading-title elementor-size-default\">Qu'est-ce qu'un trouble anxieux ?<\/h3>\t\t\t\t<\/div>\n\t\t\t\t<\/div>\n\t\t\t\t<div class=\"elementor-element elementor-element-97828c9 elementor-widget elementor-widget-text-editor\" data-id=\"97828c9\" data-element_type=\"widget\" data-e-type=\"widget\" data-widget_type=\"text-editor.default\">\n\t\t\t\t<div class=\"elementor-widget-container\">\n\t\t\t\t\t\t\t\t\t<p class=\"isSelectedEnd\">La peur fait partie int\u00e9grante de la vie. Cependant, dans le cas d&rsquo;un trouble anxieux, les inqui\u00e9tudes et les peurs sont si intenses qu&rsquo;elles peuvent consid\u00e9rablement perturber la vie quotidienne. Les personnes concern\u00e9es souffrent souvent :  <\/p>\n<ul data-spread=\"false\">\n<li>agitation et tensions persistantes<\/li>\n<li>Probl\u00e8mes de sommeil<\/li>\n<li>Tachycardie ou essoufflement<\/li>\n<li>difficult\u00e9s de concentration<\/li>\n<li>comportement d&rsquo;\u00e9vitement<\/li>\n<li>une grande anxi\u00e9t\u00e9 ou des crises de panique<\/li>\n<\/ul>\n<p>Les troubles anxieux comptent parmi les troubles psychiques les plus courants et peuvent \u00eatre trait\u00e9s. Outre le soutien professionnel, la famille et les proches jouent \u00e9galement un r\u00f4le important. <\/p>\t\t\t\t\t\t\t\t<\/div>\n\t\t\t\t<\/div>\n\t\t\t\t<div class=\"elementor-element elementor-element-38f7cc4 elementor-widget elementor-widget-heading\" data-id=\"38f7cc4\" data-element_type=\"widget\" data-e-type=\"widget\" data-widget_type=\"heading.default\">\n\t\t\t\t<div class=\"elementor-widget-container\">\n\t\t\t\t\t<h3 class=\"elementor-heading-title elementor-size-default\">Comment les proches peuvent-ils apporter leur soutien ?<\/h3>\t\t\t\t<\/div>\n\t\t\t\t<\/div>\n\t\t\t\t<div class=\"elementor-element elementor-element-a6ea499 elementor-widget elementor-widget-heading\" data-id=\"a6ea499\" data-element_type=\"widget\" data-e-type=\"widget\" data-widget_type=\"heading.default\">\n\t\t\t\t<div class=\"elementor-widget-container\">\n\t\t\t\t\t<h4 class=\"elementor-heading-title elementor-size-default\">\u00c9couter plut\u00f4t que d'imposer des solutions<\/h4>\t\t\t\t<\/div>\n\t\t\t\t<\/div>\n\t\t\t\t<div class=\"elementor-element elementor-element-157a3a4 elementor-widget elementor-widget-text-editor\" data-id=\"157a3a4\" data-element_type=\"widget\" data-e-type=\"widget\" data-widget_type=\"text-editor.default\">\n\t\t\t\t<div class=\"elementor-widget-container\">\n\t\t\t\t\t\t\t\t\t<p>Les personnes souffrant d&rsquo;un trouble anxieux recherchent souvent avant tout de la compr\u00e9hension. Il n&rsquo;est pas toujours n\u00e9cessaire de trouver imm\u00e9diatement une solution. Souvent, le simple fait d&rsquo;\u00eatre pr\u00e9sent et d&rsquo;\u00e9couter suffit.  <\/p>\t\t\t\t\t\t\t\t<\/div>\n\t\t\t\t<\/div>\n\t\t\t\t<div class=\"elementor-element elementor-element-d46fcf0 elementor-widget elementor-widget-heading\" data-id=\"d46fcf0\" data-element_type=\"widget\" data-e-type=\"widget\" data-widget_type=\"heading.default\">\n\t\t\t\t<div class=\"elementor-widget-container\">\n\t\t\t\t\t<h4 class=\"elementor-heading-title elementor-size-default\">Instaurer la s\u00e9curit\u00e9 et la structure<\/h4>\t\t\t\t<\/div>\n\t\t\t\t<\/div>\n\t\t\t\t<div class=\"elementor-element elementor-element-1af73ed elementor-widget elementor-widget-text-editor\" data-id=\"1af73ed\" data-element_type=\"widget\" data-e-type=\"widget\" data-widget_type=\"text-editor.default\">\n\t\t\t\t<div class=\"elementor-widget-container\">\n\t\t\t\t\t\t\t\t\t<p>Une vie quotidienne bien r\u00e9gl\u00e9e peut apporter de la stabilit\u00e9 aux personnes concern\u00e9es. Des routines bien \u00e9tablies, des accords clairs et un environnement calme peuvent contribuer \u00e0 r\u00e9duire le stress. <\/p>\t\t\t\t\t\t\t\t<\/div>\n\t\t\t\t<\/div>\n\t\t\t\t<div class=\"elementor-element elementor-element-ee226af elementor-widget elementor-widget-heading\" data-id=\"ee226af\" data-element_type=\"widget\" data-e-type=\"widget\" data-widget_type=\"heading.default\">\n\t\t\t\t<div class=\"elementor-widget-container\">\n\t\t\t\t\t<h4 class=\"elementor-heading-title elementor-size-default\">faire preuve de patience<\/h4>\t\t\t\t<\/div>\n\t\t\t\t<\/div>\n\t\t\t\t<div class=\"elementor-element elementor-element-97098c5 elementor-widget elementor-widget-text-editor\" data-id=\"97098c5\" data-element_type=\"widget\" data-e-type=\"widget\" data-widget_type=\"text-editor.default\">\n\t\t\t\t<div class=\"elementor-widget-container\">\n\t\t\t\t\t\t\t\t\t<p>Les progr\u00e8s ne se font pas toujours en ligne droite. Les bons jours alternent avec les jours difficiles. La patience et la compr\u00e9hension peuvent aider \u00e0 \u00e9viter la pression et le stress suppl\u00e9mentaire.  <\/p>\t\t\t\t\t\t\t\t<\/div>\n\t\t\t\t<\/div>\n\t\t\t\t<div class=\"elementor-element elementor-element-40cf7dd elementor-widget elementor-widget-heading\" data-id=\"40cf7dd\" data-element_type=\"widget\" data-e-type=\"widget\" data-widget_type=\"heading.default\">\n\t\t\t\t<div class=\"elementor-widget-container\">\n\t\t\t\t\t<h4 class=\"elementor-heading-title elementor-size-default\">Encourager le recours \u00e0 une aide professionnelle<\/h4>\t\t\t\t<\/div>\n\t\t\t\t<\/div>\n\t\t\t\t<div class=\"elementor-element elementor-element-e8f4484 elementor-widget elementor-widget-text-editor\" data-id=\"e8f4484\" data-element_type=\"widget\" data-e-type=\"widget\" data-widget_type=\"text-editor.default\">\n\t\t\t\t<div class=\"elementor-widget-container\">\n\t\t\t\t\t\t\t\t\tUn soutien psychologique ou psychiatrique peut constituer un \u00e9l\u00e9ment important du traitement. Les proches peuvent apporter leur soutien et accompagner la personne concern\u00e9e, mais ils ne doivent pas se substituer aux professionnels. \t\t\t\t\t\t\t\t<\/div>\n\t\t\t\t<\/div>\n\t\t\t\t<div class=\"elementor-element elementor-element-687af9d elementor-widget elementor-widget-heading\" data-id=\"687af9d\" data-element_type=\"widget\" data-e-type=\"widget\" data-widget_type=\"heading.default\">\n\t\t\t\t<div class=\"elementor-widget-container\">\n\t\t\t\t\t<h3 class=\"elementor-heading-title elementor-size-default\">Quand l'aide devient un fardeau<\/h3>\t\t\t\t<\/div>\n\t\t\t\t<\/div>\n\t\t\t\t<div class=\"elementor-element elementor-element-2b51129 elementor-widget elementor-widget-text-editor\" data-id=\"2b51129\" data-element_type=\"widget\" data-e-type=\"widget\" data-widget_type=\"text-editor.default\">\n\t\t\t\t<div class=\"elementor-widget-container\">\n\t\t\t\t\t\t\t\t\t<p class=\"isSelectedEnd\">De nombreux proches aidants font passer leurs propres besoins au second plan. Or, un surmenage prolong\u00e9 et un stress constant peuvent conduire \u00e0 l&rsquo;\u00e9puisement. <\/p>\n<p class=\"isSelectedEnd\">Les signes avant-coureurs typiques sont les suivants :<\/p>\n<ul data-spread=\"false\">\n<li>fatigue constante<\/li>\n<li>Probl\u00e8mes de sommeil<\/li>\n<li>irritabilit\u00e9<\/li>\n<li>Retrait de la famille et des amis<\/li>\n<li>le sentiment de devoir \u00eatre constamment op\u00e9rationnel<\/li>\n<\/ul>\n<p>Il est important de comprendre que prendre soin de soi n&rsquo;est pas de l&rsquo;\u00e9go\u00efsme. En prenant bien soin de soi, on peut \u00eatre pr\u00e9sent pour les autres sur le long terme. <\/p>\t\t\t\t\t\t\t\t<\/div>\n\t\t\t\t<\/div>\n\t\t\t\t<div class=\"elementor-element elementor-element-56bd0d2 elementor-widget elementor-widget-heading\" data-id=\"56bd0d2\" data-element_type=\"widget\" data-e-type=\"widget\" data-widget_type=\"heading.default\">\n\t\t\t\t<div class=\"elementor-widget-container\">\n\t\t\t\t\t<h3 class=\"elementor-heading-title elementor-size-default\">Accepter de l'aide fait partie d'une prise en charge de qualit\u00e9<\/h3>\t\t\t\t<\/div>\n\t\t\t\t<\/div>\n\t\t\t\t<div class=\"elementor-element elementor-element-a00cb80 elementor-widget elementor-widget-text-editor\" data-id=\"a00cb80\" data-element_type=\"widget\" data-e-type=\"widget\" data-widget_type=\"text-editor.default\">\n\t\t\t\t<div class=\"elementor-widget-container\">\n\t\t\t\t\t\t\t\t\t<p>Personne n&rsquo;est oblig\u00e9 d&rsquo;assumer seul cette responsabilit\u00e9. Accepter de l&rsquo;aide ne signifie pas en faire moins pour un \u00eatre cher. Au contraire : le fait d&rsquo;\u00eatre soulag\u00e9 apporte de l&rsquo;espace, de la force et de la s\u00e9curit\u00e9 \u00e0 toutes les personnes concern\u00e9es.  <\/p>\t\t\t\t\t\t\t\t<\/div>\n\t\t\t\t<\/div>\n\t\t\t\t<div class=\"elementor-element elementor-element-75c3856 elementor-widget elementor-widget-heading\" data-id=\"75c3856\" data-element_type=\"widget\" data-e-type=\"widget\" data-widget_type=\"heading.default\">\n\t\t\t\t<div class=\"elementor-widget-container\">\n\t\t\t\t\t<h3 class=\"elementor-heading-title elementor-size-default\">Ensemble, rendons le quotidien plus supportable<\/h3>\t\t\t\t<\/div>\n\t\t\t\t<\/div>\n\t\t\t\t<div class=\"elementor-element elementor-element-fc49854 elementor-widget elementor-widget-text-editor\" data-id=\"fc49854\" data-element_type=\"widget\" data-e-type=\"widget\" data-widget_type=\"text-editor.default\">\n\t\t\t\t<div class=\"elementor-widget-container\">\n\t\t\t\t\t\t\t\t\tChez Sanvida, nous accompagnons les proches aidants en leur apportant compr\u00e9hension, conseils et soutien personnalis\u00e9. Notre objectif est de soulager les familles et de mettre en place des solutions durables pour le quotidien. \n\nCar bien s&rsquo;occuper de quelqu&rsquo;un, ce n&rsquo;est pas tout faire tout seul, mais savoir qu&rsquo;on peut compter sur de l&rsquo;aide.\t\t\t\t\t\t\t\t<\/div>\n\t\t\t\t<\/div>\n\t\t\t\t<div class=\"elementor-element elementor-element-74f45a9 elementor-widget-divider--view-line elementor-widget elementor-widget-divider\" data-id=\"74f45a9\" data-element_type=\"widget\" data-e-type=\"widget\" data-widget_type=\"divider.default\">\n\t\t\t\t<div class=\"elementor-widget-container\">\n\t\t\t\t\t\t\t<div class=\"elementor-divider\">\n\t\t\t<span class=\"elementor-divider-separator\">\n\t\t\t\t\t\t<\/span>\n\t\t<\/div>\n\t\t\t\t\t\t<\/div>\n\t\t\t\t<\/div>\n\t\t\t\t<div class=\"elementor-element elementor-element-5c92f9e elementor-widget elementor-widget-heading\" data-id=\"5c92f9e\" data-element_type=\"widget\" data-e-type=\"widget\" data-widget_type=\"heading.default\">\n\t\t\t\t<div class=\"elementor-widget-container\">\n\t\t\t\t\t<h3 class=\"elementor-heading-title elementor-size-default\">Conclusion<\/h3>\t\t\t\t<\/div>\n\t\t\t\t<\/div>\n\t\t\t\t<div class=\"elementor-element elementor-element-7f8b063 elementor-widget elementor-widget-text-editor\" data-id=\"7f8b063\" data-element_type=\"widget\" data-e-type=\"widget\" data-widget_type=\"text-editor.default\">\n\t\t\t\t<div class=\"elementor-widget-container\">\n\t\t\t\t\t\t\t\t\t<p>Un trouble anxieux n&rsquo;affecte pas seulement la personne concern\u00e9e, mais souvent aussi tout son entourage. Les proches peuvent apporter un soutien pr\u00e9cieux, mais ils ne doivent pas pour autant perdre de vue leurs propres limites. <\/p><p>La compr\u00e9hension, la patience et une organisation claire peuvent faciliter le quotidien. Il est tout aussi important d&rsquo;accepter de l&rsquo;aide \u00e0 temps et de ne pas assumer seul cette responsabilit\u00e9. <\/p><p>Car bien s&rsquo;occuper de quelqu&rsquo;un ne signifie pas devoir tout faire soi-m\u00eame, mais trouver ensemble des solutions viables \u00e0 long terme.<\/p>\t\t\t\t\t\t\t\t<\/div>\n\t\t\t\t<\/div>\n\t\t\t\t\t<\/div>\n\t\t\t\t<\/div>\n\t\t\t\t<\/div>\n\t\t","protected":false},"excerpt":{"rendered":"<p>Comment les proches peuvent-ils soutenir les personnes souffrant d&rsquo;un trouble anxieux sans atteindre eux-m\u00eames leurs limites ? D\u00e9couvrez comment la compr\u00e9hension, une bonne organisation et un soutien opportun peuvent faciliter le quotidien de toutes les personnes concern\u00e9es. <\/p>\n","protected":false},"author":1,"featured_media":5944,"comment_status":"closed","ping_status":"closed","sticky":false,"template":"","format":"standard","meta":{"footnotes":""},"categories":[49],"tags":[],"class_list":["post-5955","post","type-post","status-publish","format-standard","has-post-thumbnail","hentry","category-soins-et-assistance"],"_links":{"self":[{"href":"https:\/\/sanvida.ch\/fr\/wp-json\/wp\/v2\/posts\/5955","targetHints":{"allow":["GET"]}}],"collection":[{"href":"https:\/\/sanvida.ch\/fr\/wp-json\/wp\/v2\/posts"}],"about":[{"href":"https:\/\/sanvida.ch\/fr\/wp-json\/wp\/v2\/types\/post"}],"author":[{"embeddable":true,"href":"https:\/\/sanvida.ch\/fr\/wp-json\/wp\/v2\/users\/1"}],"replies":[{"embeddable":true,"href":"https:\/\/sanvida.ch\/fr\/wp-json\/wp\/v2\/comments?post=5955"}],"version-history":[{"count":1,"href":"https:\/\/sanvida.ch\/fr\/wp-json\/wp\/v2\/posts\/5955\/revisions"}],"predecessor-version":[{"id":5956,"href":"https:\/\/sanvida.ch\/fr\/wp-json\/wp\/v2\/posts\/5955\/revisions\/5956"}],"wp:featuredmedia":[{"embeddable":true,"href":"https:\/\/sanvida.ch\/fr\/wp-json\/wp\/v2\/media\/5944"}],"wp:attachment":[{"href":"https:\/\/sanvida.ch\/fr\/wp-json\/wp\/v2\/media?parent=5955"}],"wp:term":[{"taxonomy":"category","embeddable":true,"href":"https:\/\/sanvida.ch\/fr\/wp-json\/wp\/v2\/categories?post=5955"},{"taxonomy":"post_tag","embeddable":true,"href":"https:\/\/sanvida.ch\/fr\/wp-json\/wp\/v2\/tags?post=5955"}],"curies":[{"name":"wp","href":"https:\/\/api.w.org\/{rel}","templated":true}]}}