{"id":3257,"date":"2025-01-20T11:11:36","date_gmt":"2025-01-20T10:11:36","guid":{"rendered":"https:\/\/sanvida.ch\/roditelji-kojima-je-potrebna-skrb-podrska-bez-doma\/"},"modified":"2025-04-07T16:49:56","modified_gmt":"2025-04-07T14:49:56","slug":"roditelji-kojima-je-potrebna-skrb-podrska-bez-doma","status":"publish","type":"post","link":"https:\/\/sanvida.ch\/hr\/roditelji-kojima-je-potrebna-skrb-podrska-bez-doma\/","title":{"rendered":"Roditelji kojima je potrebna skrb: podr\u0161ka bez doma"},"content":{"rendered":"\t\t<div data-elementor-type=\"wp-post\" data-elementor-id=\"3257\" class=\"elementor elementor-3257 elementor-828\" data-elementor-post-type=\"post\">\n\t\t\t\t<div class=\"elementor-element elementor-element-8f77480 e-flex e-con-boxed e-con e-parent\" data-id=\"8f77480\" data-element_type=\"container\" data-e-type=\"container\">\n\t\t\t\t\t<div class=\"e-con-inner\">\n\t\t\t\t<div class=\"elementor-element elementor-element-587990f elementor-widget elementor-widget-text-editor\" data-id=\"587990f\" data-element_type=\"widget\" data-e-type=\"widget\" data-widget_type=\"text-editor.default\">\n\t\t\t\t<div class=\"elementor-widget-container\">\n\t\t\t\t\t\t\t\t\t<p>Mnogi stariji ljudi ne \u017eele i\u0107i u dom, \u010dak i ako im je potrebna njega. Emocionalna povezanost, strah od samo\u0107e i \u017eelja za autonomijom glavni su razlozi. Rodbina je \u010desto suo\u010dena s izazovom pomirenja tih \u017eelja s vlastitim mogu\u0107nostima.  <\/p>\t\t\t\t\t\t\t\t<\/div>\n\t\t\t\t<\/div>\n\t\t\t\t<div class=\"elementor-element elementor-element-fe14cb2 elementor-widget elementor-widget-heading\" data-id=\"fe14cb2\" data-element_type=\"widget\" data-e-type=\"widget\" data-widget_type=\"heading.default\">\n\t\t\t\t<div class=\"elementor-widget-container\">\n\t\t\t\t\t<h3 class=\"elementor-heading-title elementor-size-default\">Razlozi za\u0161to roditelji ne \u017eele i\u0107i u dom<\/h3>\t\t\t\t<\/div>\n\t\t\t\t<\/div>\n\t\t\t\t<div class=\"elementor-element elementor-element-6ec1cf4 elementor-widget elementor-widget-text-editor\" data-id=\"6ec1cf4\" data-element_type=\"widget\" data-e-type=\"widget\" data-widget_type=\"text-editor.default\">\n\t\t\t\t<div class=\"elementor-widget-container\">\n\t\t\t\t\t\t\t\t\t<table><thead><tr><th><strong>Obja\u0161njenje<\/strong><\/th> <th><strong>razloga<\/strong><\/th><\/tr><\/thead><tbody><tr><td>Emocionalna povezanost<\/td> <td>Poznato okru\u017eenje nudi sigurnost i osje\u0107aj pripadnosti.<\/td><\/tr><tr><td>Strah od usamljenosti<\/td> <td>Brinete zbog gubitka kontakta s obitelji i okolinom u ku\u0107i.<\/td><\/tr><tr><td>Gubitak neovisnosti<\/td> <td>Osje\u0107aj gubitka kontrole nad vlastitim \u017eivotom.<\/td><\/tr><tr><td>Stigmatizacija<\/td> <td>Negativna percepcija domova i strah da \u0107e biti vi\u0111eni kao \u201cdeportirani\u201d.<\/td><\/tr><\/tbody><\/table>\t\t\t\t\t\t\t\t<\/div>\n\t\t\t\t<\/div>\n\t\t\t\t<div class=\"elementor-element elementor-element-c3c39e1 elementor-widget elementor-widget-heading\" data-id=\"c3c39e1\" data-element_type=\"widget\" data-e-type=\"widget\" data-widget_type=\"heading.default\">\n\t\t\t\t<div class=\"elementor-widget-container\">\n\t\t\t\t\t<h3 class=\"elementor-heading-title elementor-size-default\">Rje\u0161enja za ku\u0107nu njegu<\/h3>\t\t\t\t<\/div>\n\t\t\t\t<\/div>\n\t\t\t\t<div class=\"elementor-element elementor-element-f8efb2e elementor-widget elementor-widget-text-editor\" data-id=\"f8efb2e\" data-element_type=\"widget\" data-e-type=\"widget\" data-widget_type=\"text-editor.default\">\n\t\t\t\t<div class=\"elementor-widget-container\">\n\t\t\t\t\t\t\t\t\t<p>Ponude podr\u0161ke kao \u0161to su usluge izvanbolni\u010dke njege, dnevne njege ili modifikacije prikladne dobi mogu \u017eelju za ku\u0107nom njegom u\u010diniti stvarno\u0161\u0107u. Otvoreni dijalog unutar obitelji je neophodan kako bi se sva\u010dije potrebe uzele u obzir. <\/p><p>Odluka izme\u0111u ku\u0107ne njege i stara\u010dkog doma ostaje individualna. Uz pa\u017eljivo planiranje i podr\u0161ku, mo\u017ee se posti\u0107i elegantno starenje kod ku\u0107e. <\/p>\t\t\t\t\t\t\t\t<\/div>\n\t\t\t\t<\/div>\n\t\t\t\t<div class=\"elementor-element elementor-element-442d3f8 elementor-widget elementor-widget-heading\" data-id=\"442d3f8\" data-element_type=\"widget\" data-e-type=\"widget\" data-widget_type=\"heading.default\">\n\t\t\t\t<div class=\"elementor-widget-container\">\n\t\t\t\t\t<h3 class=\"elementor-heading-title elementor-size-default\">Njega kod ku\u0107e naspram stara\u010dkog doma<\/h3>\t\t\t\t<\/div>\n\t\t\t\t<\/div>\n\t\t\t\t<div class=\"elementor-element elementor-element-6fb50ea elementor-widget elementor-widget-text-editor\" data-id=\"6fb50ea\" data-element_type=\"widget\" data-e-type=\"widget\" data-widget_type=\"text-editor.default\">\n\t\t\t\t<div class=\"elementor-widget-container\">\n\t\t\t\t\t\t\t\t\t<table><thead><tr><th><strong>Aspekt<\/strong><\/th> <th><strong>ku\u0107ne njege<\/strong><\/th> <th><strong>stara\u010dki dom<\/strong><\/th><\/tr><\/thead><tbody><tr><td><strong>Tro\u0161kovi<\/strong><\/td> <td>se uvelike razlikuju ovisno o podr\u0161ci.<\/td> <td>Fiksni tro\u0161kovi, \u010desto djelomi\u010dno pokriveni.<\/td><\/tr><tr><td><strong>Dru\u0161tveno okru\u017eenje<\/strong><\/td> <td>Obitelj ostaje bliska, ali mo\u017ee postati preoptere\u0107ena.<\/td> <td>Kontakt sa stanovnicima, manje privatnosti.<\/td><\/tr><tr><td><strong>Kvaliteta skrbi<\/strong><\/td> <td>varira ovisno o organizaciji pomo\u0107i.<\/td> <td>Profesionalna podr\u0161ka 24 sata dnevno.<\/td><\/tr><tr><td><strong>Fleksibilnost<\/strong><\/td> <td>, mogu\u0107a prilagodba.<\/td> <td>Specifikacije kroz ku\u0107ne strukture.<\/td><\/tr><\/tbody><\/table>\t\t\t\t\t\t\t\t<\/div>\n\t\t\t\t<\/div>\n\t\t\t\t<div class=\"elementor-element elementor-element-b5318bc elementor-widget elementor-widget-heading\" data-id=\"b5318bc\" data-element_type=\"widget\" data-e-type=\"widget\" data-widget_type=\"heading.default\">\n\t\t\t\t<div class=\"elementor-widget-container\">\n\t\t\t\t\t<h3 class=\"elementor-heading-title elementor-size-default\">Prakti\u010dni pristupi ku\u0107noj njezi<\/h3>\t\t\t\t<\/div>\n\t\t\t\t<\/div>\n\t\t\t\t<div class=\"elementor-element elementor-element-755b421 elementor-widget elementor-widget-text-editor\" data-id=\"755b421\" data-element_type=\"widget\" data-e-type=\"widget\" data-widget_type=\"text-editor.default\">\n\t\t\t\t<div class=\"elementor-widget-container\">\n\t\t\t\t\t\t\t\t\t<ul><li><strong>Usluge izvanbolni\u010dke skrbi:<\/strong> podr\u0161ka u osobnoj njezi, lijekovima ili ku\u0107anskim poslovima.<\/li><li><strong>Dnevni boravak:<\/strong> Dnevni boravak kako bi se rasteretili ro\u0111aci.<\/li><li><strong>Prilagodba stanovanja:<\/strong> pretvorbe bez prepreka za ve\u0107u sigurnost.<\/li><li><strong>Savjeti za njegu:<\/strong> Stru\u010dni savjeti o organizaciji i financiranju.<br><br><\/li><\/ul><p>Otvorena komunikacija klju\u010dna je za razmatranje sva\u010dijih potreba. Financijska pomo\u0107 kao \u0161to je dodatak za njegu ili beneficije u naravi mo\u017ee pru\u017eiti dodatno olak\u0161anje. <\/p><p>Uz jasno planiranje i prave mogu\u0107nosti, poput onih koje nudi <strong>Sanvida<\/strong> , \u017eivot kod ku\u0107e \u010desto je mogu\u0107.<\/p>\t\t\t\t\t\t\t\t<\/div>\n\t\t\t\t<\/div>\n\t\t\t\t\t<\/div>\n\t\t\t\t<\/div>\n\t\t\t\t<\/div>\n\t\t","protected":false},"excerpt":{"rendered":"<p>Mnogi stariji ljudi ne \u017eele i\u0107i u dom, \u010dak i ako im je potrebna njega. Emocionalna povezanost, strah od samo\u0107e i \u017eelja za autonomijom glavni su razlozi. Rodbina je \u010desto suo\u010dena s izazovom pomirenja tih \u017eelja s vlastitim mogu\u0107nostima. Razlozi za\u0161to roditelji ne \u017eele i\u0107i u dom Obja\u0161njenje razloga Emocionalna povezanost Poznato okru\u017eenje nudi sigurnost [&hellip;]<\/p>\n","protected":false},"author":1,"featured_media":3263,"comment_status":"closed","ping_status":"closed","sticky":false,"template":"","format":"standard","meta":{"footnotes":""},"categories":[124],"tags":[129,126,125,127,131,130,128],"class_list":["post-3257","post","type-post","status-publish","format-standard","has-post-thumbnail","hentry","category-njega-i-podrska","tag-dnevni-boravak","tag-kucna-njega","tag-njega-kod-kuce","tag-roditelji-kojima-je-potrebna-njega","tag-socijalna-podrska","tag-staracki-dom","tag-usluge-izvanbolnicke-skrbi"],"_links":{"self":[{"href":"https:\/\/sanvida.ch\/hr\/wp-json\/wp\/v2\/posts\/3257","targetHints":{"allow":["GET"]}}],"collection":[{"href":"https:\/\/sanvida.ch\/hr\/wp-json\/wp\/v2\/posts"}],"about":[{"href":"https:\/\/sanvida.ch\/hr\/wp-json\/wp\/v2\/types\/post"}],"author":[{"embeddable":true,"href":"https:\/\/sanvida.ch\/hr\/wp-json\/wp\/v2\/users\/1"}],"replies":[{"embeddable":true,"href":"https:\/\/sanvida.ch\/hr\/wp-json\/wp\/v2\/comments?post=3257"}],"version-history":[{"count":3,"href":"https:\/\/sanvida.ch\/hr\/wp-json\/wp\/v2\/posts\/3257\/revisions"}],"predecessor-version":[{"id":3270,"href":"https:\/\/sanvida.ch\/hr\/wp-json\/wp\/v2\/posts\/3257\/revisions\/3270"}],"wp:featuredmedia":[{"embeddable":true,"href":"https:\/\/sanvida.ch\/hr\/wp-json\/wp\/v2\/media\/3263"}],"wp:attachment":[{"href":"https:\/\/sanvida.ch\/hr\/wp-json\/wp\/v2\/media?parent=3257"}],"wp:term":[{"taxonomy":"category","embeddable":true,"href":"https:\/\/sanvida.ch\/hr\/wp-json\/wp\/v2\/categories?post=3257"},{"taxonomy":"post_tag","embeddable":true,"href":"https:\/\/sanvida.ch\/hr\/wp-json\/wp\/v2\/tags?post=3257"}],"curies":[{"name":"wp","href":"https:\/\/api.w.org\/{rel}","templated":true}]}}