{"id":3282,"date":"2025-02-01T12:13:02","date_gmt":"2025-02-01T11:13:02","guid":{"rendered":"https:\/\/sanvida.ch\/briga-o-rodbini-nova-perspektiva-sa-sanvidom\/"},"modified":"2025-04-07T16:50:22","modified_gmt":"2025-04-07T14:50:22","slug":"briga-o-rodbini-nova-perspektiva-sa-sanvidom","status":"publish","type":"post","link":"https:\/\/sanvida.ch\/hr\/briga-o-rodbini-nova-perspektiva-sa-sanvidom\/","title":{"rendered":"Briga o rodbini: Nova perspektiva sa Sanvidom"},"content":{"rendered":"\t\t<div data-elementor-type=\"wp-post\" data-elementor-id=\"3282\" class=\"elementor elementor-3282 elementor-832\" data-elementor-post-type=\"post\">\n\t\t\t\t<div class=\"elementor-element elementor-element-c903056 e-flex e-con-boxed e-con e-parent\" data-id=\"c903056\" data-element_type=\"container\" data-e-type=\"container\">\n\t\t\t\t\t<div class=\"e-con-inner\">\n\t\t\t\t<div class=\"elementor-element elementor-element-56c8932 elementor-widget elementor-widget-text-editor\" data-id=\"56c8932\" data-element_type=\"widget\" data-e-type=\"widget\" data-widget_type=\"text-editor.default\">\n\t\t\t\t<div class=\"elementor-widget-container\">\n\t\t\t\t\t\t\t\t\t<p>Briga o bli\u017enjima odgovoran je i izazovan zadatak. Sanvida podr\u017eava obitelji u suo\u010davanju s ovim zadatkom omogu\u0107avaju\u0107i zapo\u0161ljavanje njegovatelja, a ujedno nudi stru\u010dnu pomo\u0107. <\/p>\t\t\t\t\t\t\t\t<\/div>\n\t\t\t\t<\/div>\n\t\t\t\t<div class=\"elementor-element elementor-element-e5b2d71 elementor-widget elementor-widget-heading\" data-id=\"e5b2d71\" data-element_type=\"widget\" data-e-type=\"widget\" data-widget_type=\"heading.default\">\n\t\t\t\t<div class=\"elementor-widget-container\">\n\t\t\t\t\t<h3 class=\"elementor-heading-title elementor-size-default\">Koraci za suradnju<\/h3>\t\t\t\t<\/div>\n\t\t\t\t<\/div>\n\t\t\t\t<div class=\"elementor-element elementor-element-23b0901 elementor-widget elementor-widget-text-editor\" data-id=\"23b0901\" data-element_type=\"widget\" data-e-type=\"widget\" data-widget_type=\"text-editor.default\">\n\t\t\t\t<div class=\"elementor-widget-container\">\n\t\t\t\t\t\t\t\t\t<ol><li><strong>Inicijalne konzultacije<\/strong> : Specijalist za njegu posje\u0107uje obitelj kako bi procijenio situaciju skrbi i predlo\u017eio individualna rje\u0161enja.<\/li><li><strong>Pravna za\u0161tita<\/strong> : Nakon \u0161to se zaposli, Sanvida preuzima sve administrativne poslove od osiguranja do obra\u010duna pla\u0107a.<\/li><li><strong>Kontinuirana podr\u0161ka<\/strong> : obuka i savjeti olak\u0161avaju skrb i nude emocionalnu podr\u0161ku.<\/li><\/ol>\t\t\t\t\t\t\t\t<\/div>\n\t\t\t\t<\/div>\n\t\t\t\t<div class=\"elementor-element elementor-element-c911d94 elementor-widget elementor-widget-heading\" data-id=\"c911d94\" data-element_type=\"widget\" data-e-type=\"widget\" data-widget_type=\"heading.default\">\n\t\t\t\t<div class=\"elementor-widget-container\">\n\t\t\t\t\t<h3 class=\"elementor-heading-title elementor-size-default\">Pogodnosti za rodbinu<\/h3>\t\t\t\t<\/div>\n\t\t\t\t<\/div>\n\t\t\t\t<div class=\"elementor-element elementor-element-8eaaccf elementor-widget elementor-widget-text-editor\" data-id=\"8eaaccf\" data-element_type=\"widget\" data-e-type=\"widget\" data-widget_type=\"text-editor.default\">\n\t\t\t\t<div class=\"elementor-widget-container\">\n\t\t\t\t\t\t\t\t\t<p>Rad sa Sanvidom zna\u010di vi\u0161e od samog olak\u0161anja. Ro\u0111aci ostaju aktivno uklju\u010deni u skrb i istovremeno imaju koristi od stru\u010dnog znanja. To ne samo da stvara sigurnost, ve\u0107 i vrijeme i prostor za vlastito opu\u0161tanje.  <\/p><p>Sanvida nudi individualno rje\u0161enje za svakoga tko se \u017eeli i dalje sam brinuti za svoje bli\u017enje bez odricanja od va\u017ene podr\u0161ke.<\/p>\t\t\t\t\t\t\t\t<\/div>\n\t\t\t\t<\/div>\n\t\t\t\t\t<\/div>\n\t\t\t\t<\/div>\n\t\t\t\t<\/div>\n\t\t","protected":false},"excerpt":{"rendered":"<p>Briga o bli\u017enjima odgovoran je i izazovan zadatak. Sanvida podr\u017eava obitelji u suo\u010davanju s ovim zadatkom omogu\u0107avaju\u0107i zapo\u0161ljavanje njegovatelja, a ujedno nudi stru\u010dnu pomo\u0107. Koraci za suradnju Inicijalne konzultacije : Specijalist za njegu posje\u0107uje obitelj kako bi procijenio situaciju skrbi i predlo\u017eio individualna rje\u0161enja. Pravna za\u0161tita : Nakon \u0161to se zaposli, Sanvida preuzima sve administrativne [&hellip;]<\/p>\n","protected":false},"author":1,"featured_media":3283,"comment_status":"closed","ping_status":"closed","sticky":false,"template":"","format":"standard","meta":{"footnotes":""},"categories":[124],"tags":[],"class_list":["post-3282","post","type-post","status-publish","format-standard","has-post-thumbnail","hentry","category-njega-i-podrska"],"_links":{"self":[{"href":"https:\/\/sanvida.ch\/hr\/wp-json\/wp\/v2\/posts\/3282","targetHints":{"allow":["GET"]}}],"collection":[{"href":"https:\/\/sanvida.ch\/hr\/wp-json\/wp\/v2\/posts"}],"about":[{"href":"https:\/\/sanvida.ch\/hr\/wp-json\/wp\/v2\/types\/post"}],"author":[{"embeddable":true,"href":"https:\/\/sanvida.ch\/hr\/wp-json\/wp\/v2\/users\/1"}],"replies":[{"embeddable":true,"href":"https:\/\/sanvida.ch\/hr\/wp-json\/wp\/v2\/comments?post=3282"}],"version-history":[{"count":1,"href":"https:\/\/sanvida.ch\/hr\/wp-json\/wp\/v2\/posts\/3282\/revisions"}],"predecessor-version":[{"id":3284,"href":"https:\/\/sanvida.ch\/hr\/wp-json\/wp\/v2\/posts\/3282\/revisions\/3284"}],"wp:featuredmedia":[{"embeddable":true,"href":"https:\/\/sanvida.ch\/hr\/wp-json\/wp\/v2\/media\/3283"}],"wp:attachment":[{"href":"https:\/\/sanvida.ch\/hr\/wp-json\/wp\/v2\/media?parent=3282"}],"wp:term":[{"taxonomy":"category","embeddable":true,"href":"https:\/\/sanvida.ch\/hr\/wp-json\/wp\/v2\/categories?post=3282"},{"taxonomy":"post_tag","embeddable":true,"href":"https:\/\/sanvida.ch\/hr\/wp-json\/wp\/v2\/tags?post=3282"}],"curies":[{"name":"wp","href":"https:\/\/api.w.org\/{rel}","templated":true}]}}