{"id":5422,"date":"2026-04-15T10:49:14","date_gmt":"2026-04-15T08:49:14","guid":{"rendered":"https:\/\/sanvida.ch\/briga-zahtijeva-ravnotezu-covjecnost-i-struktura-u-svakodnevnom-zivotu\/"},"modified":"2026-04-15T13:53:52","modified_gmt":"2026-04-15T11:53:52","slug":"briga-zahtijeva-ravnotezu-covjecnost-i-struktura-u-svakodnevnom-zivotu","status":"publish","type":"post","link":"https:\/\/sanvida.ch\/hr\/briga-zahtijeva-ravnotezu-covjecnost-i-struktura-u-svakodnevnom-zivotu\/","title":{"rendered":"Briga zahtijeva ravnote\u017eu: \u010dovje\u010dnost i struktura u svakodnevnom \u017eivotu"},"content":{"rendered":"\t\t<div data-elementor-type=\"wp-post\" data-elementor-id=\"5422\" class=\"elementor elementor-5422 elementor-5386\" data-elementor-post-type=\"post\">\n\t\t\t\t<div class=\"elementor-element elementor-element-fd58b5f e-flex e-con-boxed e-con e-parent\" data-id=\"fd58b5f\" data-element_type=\"container\" data-e-type=\"container\">\n\t\t\t\t\t<div class=\"e-con-inner\">\n\t\t\t\t<div class=\"elementor-element elementor-element-133b13f elementor-widget elementor-widget-text-editor\" data-id=\"133b13f\" data-element_type=\"widget\" data-e-type=\"widget\" data-widget_type=\"text-editor.default\">\n\t\t\t\t<div class=\"elementor-widget-container\">\n\t\t\t\t\t\t\t\t\t<p><strong>Briga uvijek po\u010dinje s osobom.<\/strong><br>Proistje\u010de iz bliskosti, povjerenja i \u017eelje da nekome budete podr\u0161ka. Posebno za obiteljske njegovatelje, ta je emocionalna povezanost najva\u017eniji pokreta\u010d. Ona pru\u017ea snagu, smjer i svrhu.  <\/p><p>Ali upravo tu le\u017ei izazov: briga nije samo pitanje odnosa, nego i organizacije. Termini, procjene, zahtjevi, procedure \u2013 sve to ide paralelno s me\u0111uljudskim aspektom. A ako ta dva svijeta ne budu uskla\u0111ena, briga brzo postaje stalan teret.  <\/p>\t\t\t\t\t\t\t\t<\/div>\n\t\t\t\t<\/div>\n\t\t\t\t<div class=\"elementor-element elementor-element-d7798f2 elementor-widget elementor-widget-heading\" data-id=\"d7798f2\" data-element_type=\"widget\" data-e-type=\"widget\" data-widget_type=\"heading.default\">\n\t\t\t\t<div class=\"elementor-widget-container\">\n\t\t\t\t\t<h3 class=\"elementor-heading-title elementor-size-default\">Kad emocija susretne svakodnevicu<\/h3>\t\t\t\t<\/div>\n\t\t\t\t<\/div>\n\t\t\t\t<div class=\"elementor-element elementor-element-97828c9 elementor-widget elementor-widget-text-editor\" data-id=\"97828c9\" data-element_type=\"widget\" data-e-type=\"widget\" data-widget_type=\"text-editor.default\">\n\t\t\t\t<div class=\"elementor-widget-container\">\n\t\t\t\t\t\t\t\t\t<p>Mnoge se situacije ne javljaju zato \u0161to je briga sama po sebi prete\u0161ka, nego zato \u0161to je nestrukturirana. Odluke se donose na brzinu, informacije nedostaju ili sti\u017eu prekasno, a svakodnevni se \u017eivot odvija reaktivno umjesto prema planu. <\/p><p>Kao rezultat, \u010dak i mali zadaci odjednom zahtijevaju puno energije. Ne zato \u0161to su slo\u017eeni, nego zato \u0161to ste izgubili pregled nad stvarima. <\/p><p>Istovremeno ostaje emocionalni teret. \u017delite sve u\u010diniti kako treba, ne razo\u010darati nikoga i podr\u017eati svoje najmilije najbolje \u0161to mo\u017eete. Upravo ta kombinacija odgovornosti i nedostatka jasno\u0107e stvara dugotrajni pritisak.  <\/p>\t\t\t\t\t\t\t\t<\/div>\n\t\t\t\t<\/div>\n\t\t\t\t<div class=\"elementor-element elementor-element-38f7cc4 elementor-widget elementor-widget-heading\" data-id=\"38f7cc4\" data-element_type=\"widget\" data-e-type=\"widget\" data-widget_type=\"heading.default\">\n\t\t\t\t<div class=\"elementor-widget-container\">\n\t\t\t\t\t<h3 class=\"elementor-heading-title elementor-size-default\">Za\u0161to struktura nema nikakve veze s udaljenosti<\/h3>\t\t\t\t<\/div>\n\t\t\t\t<\/div>\n\t\t\t\t<div class=\"elementor-element elementor-element-157a3a4 elementor-widget elementor-widget-text-editor\" data-id=\"157a3a4\" data-element_type=\"widget\" data-e-type=\"widget\" data-widget_type=\"text-editor.default\">\n\t\t\t\t<div class=\"elementor-widget-container\">\n\t\t\t\t\t\t\t\t\t<p>\u010cesta zabluda je da ve\u0107a organiziranost umanjuje ljudski pristup u skrbi. U stvarnosti je suprotno. <\/p><p><strong>Struktura stvara prostor.<\/strong><br>Prostor za svjesne odluke, za istinsku prisutnost i za trenutke bez stresa ili nesigurnosti.<\/p><p>Kad je jasno \u0161to treba u\u010diniti, kada \u0107e se stvari dogoditi i koje su opcije dostupne, cijela se dinamika mijenja. Njega se vi\u0161e ne upravlja samo, nego se aktivno oblikuje. <\/p><p>To ne zna\u010di da sve mora i\u0107i savr\u0161eno. To zna\u010di da postoji smjer. <\/p>\t\t\t\t\t\t\t\t<\/div>\n\t\t\t\t<\/div>\n\t\t\t\t<div class=\"elementor-element elementor-element-687af9d elementor-widget elementor-widget-heading\" data-id=\"687af9d\" data-element_type=\"widget\" data-e-type=\"widget\" data-widget_type=\"heading.default\">\n\t\t\t\t<div class=\"elementor-widget-container\">\n\t\t\t\t\t<h3 class=\"elementor-heading-title elementor-size-default\">ravnote\u017ea koja \u010dini njegu ko\u017ee prenosivom<\/h3>\t\t\t\t<\/div>\n\t\t\t\t<\/div>\n\t\t\t\t<div class=\"elementor-element elementor-element-1af73ed elementor-widget elementor-widget-text-editor\" data-id=\"1af73ed\" data-element_type=\"widget\" data-e-type=\"widget\" data-widget_type=\"text-editor.default\">\n\t\t\t\t<div class=\"elementor-widget-container\">\n\t\t\t\t\t\t\t\t\t<p>Dugoro\u010dno, briga funkcionira samo ako postoji ravnote\u017ea izme\u0111u obje strane.<br>Suosje\u0107anje bez strukture dovodi do izgaranja.<br>Struktura bez suosje\u0107anja gubi svoje zna\u010denje.<\/p><p>Ravnote\u017ea se posti\u017ee tamo gdje se jasni procesi susre\u0107u s istinskim potrebama. Gdje organizacija podr\u017eava umjesto da ograni\u010dava. I gdje se odluke donose ne iz stresa, nego iz jasno\u0107e.  <\/p><p>Upravo u ovom trenutku briga postaje upravljiva \u2013 ne samo na trenutak, nego i na duge staze.<\/p>\t\t\t\t\t\t\t\t<\/div>\n\t\t\t\t<\/div>\n\t\t\t\t<div class=\"elementor-element elementor-element-56bd0d2 elementor-widget elementor-widget-heading\" data-id=\"56bd0d2\" data-element_type=\"widget\" data-e-type=\"widget\" data-widget_type=\"heading.default\">\n\t\t\t\t<div class=\"elementor-widget-container\">\n\t\t\t\t\t<h3 class=\"elementor-heading-title elementor-size-default\">Kako Sanvida poma\u017ee<\/h3>\t\t\t\t<\/div>\n\t\t\t\t<\/div>\n\t\t\t\t<div class=\"elementor-element elementor-element-a00cb80 elementor-widget elementor-widget-text-editor\" data-id=\"a00cb80\" data-element_type=\"widget\" data-e-type=\"widget\" data-widget_type=\"text-editor.default\">\n\t\t\t\t<div class=\"elementor-widget-container\">\n\t\t\t\t\t\t\t\t\t<p>Upravo tu Sanvida stupa na scenu. Ne s teorijskim konceptima, nego s jasnim fokusom na svakodnevni \u017eivot. <\/p><p>Cilj je pomo\u0107i obiteljskim njegovateljima da shvate svoju individualnu situaciju, jasno je objasne i organiziraju u funkcionalnu strukturu. Korak po korak to dovodi do ve\u0107e jasno\u0107e, ve\u0107eg samopouzdanja i, iznad svega, ve\u0107e smirenosti u njihovoj svakodnevnoj rutini. <\/p><p>Ljudi su uvijek u sredi\u0161tu svega ovoga. Organizacija nije cilj sama po sebi, nego je alat za osiguranje da je skrb istovremeno humana i pouzdana. <\/p><p>Komunikacija je tako\u0111er klju\u010dan dio ovoga. Posebno u \u0160vicarskoj, gdje mnogi ljudi \u017eive u vi\u0161ejezi\u010dnom okru\u017eenju, klju\u010dno je osje\u0107ati se istinski razumljenima. Zato Sanvida pru\u017ea podr\u0161ku na nekoliko jezika \u2013 njema\u010dkom, talijanskom, francuskom, engleskom ili na materinskom jeziku osobe.  <\/p>\t\t\t\t\t\t\t\t<\/div>\n\t\t\t\t<\/div>\n\t\t\t\t<div class=\"elementor-element elementor-element-74f45a9 elementor-widget-divider--view-line elementor-widget elementor-widget-divider\" data-id=\"74f45a9\" data-element_type=\"widget\" data-e-type=\"widget\" data-widget_type=\"divider.default\">\n\t\t\t\t<div class=\"elementor-widget-container\">\n\t\t\t\t\t\t\t<div class=\"elementor-divider\">\n\t\t\t<span class=\"elementor-divider-separator\">\n\t\t\t\t\t\t<\/span>\n\t\t<\/div>\n\t\t\t\t\t\t<\/div>\n\t\t\t\t<\/div>\n\t\t\t\t<div class=\"elementor-element elementor-element-5c92f9e elementor-widget elementor-widget-heading\" data-id=\"5c92f9e\" data-element_type=\"widget\" data-e-type=\"widget\" data-widget_type=\"heading.default\">\n\t\t\t\t<div class=\"elementor-widget-container\">\n\t\t\t\t\t<h3 class=\"elementor-heading-title elementor-size-default\">Zaklju\u010dak<\/h3>\t\t\t\t<\/div>\n\t\t\t\t<\/div>\n\t\t\t\t<div class=\"elementor-element elementor-element-7f8b063 elementor-widget elementor-widget-text-editor\" data-id=\"7f8b063\" data-element_type=\"widget\" data-e-type=\"widget\" data-widget_type=\"text-editor.default\">\n\t\t\t\t<div class=\"elementor-widget-container\">\n\t\t\t\t\t\t\t\t\t<p>Briga o drugima uvijek je i emocionalna i prakti\u010dna. Tko god poku\u0161a usredoto\u010diti se samo na jedan aspekt, prije ili kasnije \u0107e dosegnuti svoje granice.<\/p><p>Tek kada se struktura i \u010dovje\u010dnost spoje, nastaje ne\u0161to \u0161to zaista funkcionira u svakodnevnom \u017eivotu. Ne\u0161to \u0161to ne samo da pru\u017ea podr\u0161ku, nego i rastere\u0107uje. <\/p>\t\t\t\t\t\t\t\t<\/div>\n\t\t\t\t<\/div>\n\t\t\t\t\t<\/div>\n\t\t\t\t<\/div>\n\t\t\t\t<\/div>\n\t\t","protected":false},"excerpt":{"rendered":"<p>Briga spaja bliskost i odgovornost s organizacijom i planiranjem. Pronala\u017eenje prave ravnote\u017ee odre\u0111uje ho\u0107e li svakodnevni \u017eivot dugoro\u010dno ostati upravljiv. <\/p>\n","protected":false},"author":1,"featured_media":5389,"comment_status":"closed","ping_status":"closed","sticky":false,"template":"","format":"standard","meta":{"footnotes":""},"categories":[124],"tags":[],"class_list":["post-5422","post","type-post","status-publish","format-standard","has-post-thumbnail","hentry","category-njega-i-podrska"],"_links":{"self":[{"href":"https:\/\/sanvida.ch\/hr\/wp-json\/wp\/v2\/posts\/5422","targetHints":{"allow":["GET"]}}],"collection":[{"href":"https:\/\/sanvida.ch\/hr\/wp-json\/wp\/v2\/posts"}],"about":[{"href":"https:\/\/sanvida.ch\/hr\/wp-json\/wp\/v2\/types\/post"}],"author":[{"embeddable":true,"href":"https:\/\/sanvida.ch\/hr\/wp-json\/wp\/v2\/users\/1"}],"replies":[{"embeddable":true,"href":"https:\/\/sanvida.ch\/hr\/wp-json\/wp\/v2\/comments?post=5422"}],"version-history":[{"count":3,"href":"https:\/\/sanvida.ch\/hr\/wp-json\/wp\/v2\/posts\/5422\/revisions"}],"predecessor-version":[{"id":5425,"href":"https:\/\/sanvida.ch\/hr\/wp-json\/wp\/v2\/posts\/5422\/revisions\/5425"}],"wp:featuredmedia":[{"embeddable":true,"href":"https:\/\/sanvida.ch\/hr\/wp-json\/wp\/v2\/media\/5389"}],"wp:attachment":[{"href":"https:\/\/sanvida.ch\/hr\/wp-json\/wp\/v2\/media?parent=5422"}],"wp:term":[{"taxonomy":"category","embeddable":true,"href":"https:\/\/sanvida.ch\/hr\/wp-json\/wp\/v2\/categories?post=5422"},{"taxonomy":"post_tag","embeddable":true,"href":"https:\/\/sanvida.ch\/hr\/wp-json\/wp\/v2\/tags?post=5422"}],"curies":[{"name":"wp","href":"https:\/\/api.w.org\/{rel}","templated":true}]}}