{"id":5406,"date":"2026-04-15T10:49:14","date_gmt":"2026-04-15T08:49:14","guid":{"rendered":"https:\/\/sanvida.ch\/lassistenza-richiede-equilibrio-umanita-e-organizzazione-nella-vita-quotidiana\/"},"modified":"2026-04-15T12:05:09","modified_gmt":"2026-04-15T10:05:09","slug":"lassistenza-richiede-equilibrio-umanita-e-organizzazione-nella-vita-quotidiana","status":"publish","type":"post","link":"https:\/\/sanvida.ch\/it\/lassistenza-richiede-equilibrio-umanita-e-organizzazione-nella-vita-quotidiana\/","title":{"rendered":"L&#8217;assistenza richiede equilibrio: umanit\u00e0 e organizzazione nella vita quotidiana"},"content":{"rendered":"\t\t<div data-elementor-type=\"wp-post\" data-elementor-id=\"5406\" class=\"elementor elementor-5406 elementor-5386\" data-elementor-post-type=\"post\">\n\t\t\t\t<div class=\"elementor-element elementor-element-fd58b5f e-flex e-con-boxed e-con e-parent\" data-id=\"fd58b5f\" data-element_type=\"container\" data-e-type=\"container\">\n\t\t\t\t\t<div class=\"e-con-inner\">\n\t\t\t\t<div class=\"elementor-element elementor-element-133b13f elementor-widget elementor-widget-text-editor\" data-id=\"133b13f\" data-element_type=\"widget\" data-e-type=\"widget\" data-widget_type=\"text-editor.default\">\n\t\t\t\t<div class=\"elementor-widget-container\">\n\t\t\t\t\t\t\t\t\t<p><strong>L&#8217;assistenza parte sempre dalla persona.<\/strong><br>Nasce dalla vicinanza, dalla fiducia e dal desiderio di essere presenti per qualcuno. Proprio per i familiari che prestano assistenza, questo legame emotivo \u00e8 la motivazione pi\u00f9 importante. D\u00e0 forza, orientamento e senso.  <\/p><p>Ma \u00e8 proprio qui che sta la sfida: l&#8217;assistenza non \u00e8 solo una questione di relazioni, ma anche di organizzazione. Appuntamenti, accertamenti, esigenze, procedure: tutto questo si svolge parallelamente al livello interpersonale. E se questi due mondi non riescono a incontrarsi, l&#8217;assistenza diventa rapidamente un peso costante.  <\/p>\t\t\t\t\t\t\t\t<\/div>\n\t\t\t\t<\/div>\n\t\t\t\t<div class=\"elementor-element elementor-element-d7798f2 elementor-widget elementor-widget-heading\" data-id=\"d7798f2\" data-element_type=\"widget\" data-e-type=\"widget\" data-widget_type=\"heading.default\">\n\t\t\t\t<div class=\"elementor-widget-container\">\n\t\t\t\t\t<h3 class=\"elementor-heading-title elementor-size-default\">Quando l'emozione incontra la quotidianit\u00e0<\/h3>\t\t\t\t<\/div>\n\t\t\t\t<\/div>\n\t\t\t\t<div class=\"elementor-element elementor-element-97828c9 elementor-widget elementor-widget-text-editor\" data-id=\"97828c9\" data-element_type=\"widget\" data-e-type=\"widget\" data-widget_type=\"text-editor.default\">\n\t\t\t\t<div class=\"elementor-widget-container\">\n\t\t\t\t\t\t\t\t\t<p>Molte situazioni non si verificano perch\u00e9 l&#8217;assistenza in s\u00e9 sia troppo difficile, ma perch\u00e9 viene svolta in modo non strutturato. Le decisioni vengono prese d&#8217;impulso, le informazioni mancano o arrivano troppo tardi e la routine quotidiana si svolge in modo reattivo piuttosto che secondo un piano prestabilito. <\/p><p>Di conseguenza, anche i compiti pi\u00f9 semplici finiscono per richiedere improvvisamente molta energia. Non perch\u00e9 siano complessi, ma perch\u00e9 manca una visione d&#8217;insieme. <\/p><p>Allo stesso tempo, il senso di responsabilit\u00e0 emotiva rimane. Si vorrebbe fare tutto nel modo giusto, non deludere nessuno e sostenere i propri cari nel miglior modo possibile. \u00c8 proprio questa combinazione di responsabilit\u00e0 e mancanza di chiarezza a generare pressione nel lungo periodo.  <\/p>\t\t\t\t\t\t\t\t<\/div>\n\t\t\t\t<\/div>\n\t\t\t\t<div class=\"elementor-element elementor-element-38f7cc4 elementor-widget elementor-widget-heading\" data-id=\"38f7cc4\" data-element_type=\"widget\" data-e-type=\"widget\" data-widget_type=\"heading.default\">\n\t\t\t\t<div class=\"elementor-widget-container\">\n\t\t\t\t\t<h3 class=\"elementor-heading-title elementor-size-default\">Perch\u00e9 la struttura non ha nulla a che vedere con la distanza<\/h3>\t\t\t\t<\/div>\n\t\t\t\t<\/div>\n\t\t\t\t<div class=\"elementor-element elementor-element-157a3a4 elementor-widget elementor-widget-text-editor\" data-id=\"157a3a4\" data-element_type=\"widget\" data-e-type=\"widget\" data-widget_type=\"text-editor.default\">\n\t\t\t\t<div class=\"elementor-widget-container\">\n\t\t\t\t\t\t\t\t\t<p>Si pensa spesso che una maggiore organizzazione riduca l&#8217;aspetto umano nell&#8217;assistenza. In realt\u00e0 accade proprio il contrario. <\/p><p><strong>La struttura crea spazio.<\/strong><br>Spazio per decisioni consapevoli, per una presenza autentica e per momenti non segnati dallo stress o dall&#8217;insicurezza.<\/p><p>Quando \u00e8 chiaro cosa bisogna fare, quando avviene qualcosa e quali possibilit\u00e0 ci sono, l&#8217;intera dinamica cambia. L&#8217;assistenza non viene pi\u00f9 solo gestita, ma attivamente plasmata. <\/p><p>Das bedeutet nicht, dass alles perfekt laufen muss. Es bedeutet, dass es eine Richtung gibt. <\/p>\t\t\t\t\t\t\t\t<\/div>\n\t\t\t\t<\/div>\n\t\t\t\t<div class=\"elementor-element elementor-element-687af9d elementor-widget elementor-widget-heading\" data-id=\"687af9d\" data-element_type=\"widget\" data-e-type=\"widget\" data-widget_type=\"heading.default\">\n\t\t\t\t<div class=\"elementor-widget-container\">\n\t\t\t\t\t<h3 class=\"elementor-heading-title elementor-size-default\">L'equilibrio che rende la cura portatile<\/h3>\t\t\t\t<\/div>\n\t\t\t\t<\/div>\n\t\t\t\t<div class=\"elementor-element elementor-element-1af73ed elementor-widget elementor-widget-text-editor\" data-id=\"1af73ed\" data-element_type=\"widget\" data-e-type=\"widget\" data-widget_type=\"text-editor.default\">\n\t\t\t\t<div class=\"elementor-widget-container\">\n\t\t\t\t\t\t\t\t\t<p>A lungo termine, l&#8217;assistenza funziona solo se entrambe le parti sono in equilibrio.<br>L&#8217;umanit\u00e0 senza struttura porta al sovraccarico.<br>La struttura senza umanit\u00e0 perde il suo senso.<\/p><p>L&#8217;equilibrio si crea quando procedure chiare vanno incontro a esigenze reali. Quando l&#8217;organizzazione \u00e8 di supporto anzich\u00e9 limitante. E quando le decisioni vengono prese non per lo stress, ma con lucidit\u00e0.  <\/p><p>\u00c8 proprio qui che l&#8217;assistenza diventa sostenibile, non solo nel breve termine, ma anche nel lungo periodo.<\/p>\t\t\t\t\t\t\t\t<\/div>\n\t\t\t\t<\/div>\n\t\t\t\t<div class=\"elementor-element elementor-element-56bd0d2 elementor-widget elementor-widget-heading\" data-id=\"56bd0d2\" data-element_type=\"widget\" data-e-type=\"widget\" data-widget_type=\"heading.default\">\n\t\t\t\t<div class=\"elementor-widget-container\">\n\t\t\t\t\t<h3 class=\"elementor-heading-title elementor-size-default\">Come Sanvida offre il proprio sostegno<\/h3>\t\t\t\t<\/div>\n\t\t\t\t<\/div>\n\t\t\t\t<div class=\"elementor-element elementor-element-a00cb80 elementor-widget elementor-widget-text-editor\" data-id=\"a00cb80\" data-element_type=\"widget\" data-e-type=\"widget\" data-widget_type=\"text-editor.default\">\n\t\t\t\t<div class=\"elementor-widget-container\">\n\t\t\t\t\t\t\t\t\t<p>\u00c8 proprio qui che entra in gioco Sanvida. Non con concetti teorici, ma con una chiara attenzione alla vita quotidiana. <\/p><p>L&#8217;obiettivo \u00e8 aiutare i familiari che prestano assistenza a mettere ordine nella loro situazione personale, a renderla comprensibile e a inserirla in una struttura funzionale. Passo dopo passo, si ottiene cos\u00ec una maggiore chiarezza, pi\u00f9 sicurezza e, soprattutto, pi\u00f9 serenit\u00e0 nella routine quotidiana. <\/p><p>In tutto questo, la persona rimane sempre al centro. L&#8217;organizzazione non \u00e8 fine a se stessa, ma uno strumento per garantire un&#8217;assistenza umana e al contempo stabile. <\/p><p>Un aspetto fondamentale \u00e8 anche la comunicazione. Proprio in Svizzera, dove molte persone vivono in un contesto multilingue, \u00e8 fondamentale sentirsi davvero compresi. Per questo Sanvida offre assistenza in diverse lingue: tedesco, italiano, francese, inglese o nella lingua madre di ciascuno.  <\/p>\t\t\t\t\t\t\t\t<\/div>\n\t\t\t\t<\/div>\n\t\t\t\t<div class=\"elementor-element elementor-element-74f45a9 elementor-widget-divider--view-line elementor-widget elementor-widget-divider\" data-id=\"74f45a9\" data-element_type=\"widget\" data-e-type=\"widget\" data-widget_type=\"divider.default\">\n\t\t\t\t<div class=\"elementor-widget-container\">\n\t\t\t\t\t\t\t<div class=\"elementor-divider\">\n\t\t\t<span class=\"elementor-divider-separator\">\n\t\t\t\t\t\t<\/span>\n\t\t<\/div>\n\t\t\t\t\t\t<\/div>\n\t\t\t\t<\/div>\n\t\t\t\t<div class=\"elementor-element elementor-element-5c92f9e elementor-widget elementor-widget-heading\" data-id=\"5c92f9e\" data-element_type=\"widget\" data-e-type=\"widget\" data-widget_type=\"heading.default\">\n\t\t\t\t<div class=\"elementor-widget-container\">\n\t\t\t\t\t<h3 class=\"elementor-heading-title elementor-size-default\">Conclusione<\/h3>\t\t\t\t<\/div>\n\t\t\t\t<\/div>\n\t\t\t\t<div class=\"elementor-element elementor-element-7f8b063 elementor-widget elementor-widget-text-editor\" data-id=\"7f8b063\" data-element_type=\"widget\" data-e-type=\"widget\" data-widget_type=\"text-editor.default\">\n\t\t\t\t<div class=\"elementor-widget-container\">\n\t\t\t\t\t\t\t\t\t<p>L&#8217;assistenza \u00e8 sempre una combinazione di due aspetti: emotivo e organizzativo.<br>Chi cerca di occuparsi solo di uno dei due finir\u00e0 per incontrare dei limiti nel lungo periodo.<\/p><p>Solo quando struttura e umanit\u00e0 si fondono insieme nasce qualcosa che funziona davvero nella vita di tutti i giorni. Qualcosa che non solo sostiene, ma alleggerisce. <\/p>\t\t\t\t\t\t\t\t<\/div>\n\t\t\t\t<\/div>\n\t\t\t\t\t<\/div>\n\t\t\t\t<\/div>\n\t\t\t\t<\/div>\n\t\t","protected":false},"excerpt":{"rendered":"<p>L&#8217;assistenza coniuga vicinanza e responsabilit\u00e0 con organizzazione e pianificazione. Il giusto equilibrio \u00e8 fondamentale per garantire che la vita quotidiana rimanga sostenibile nel lungo periodo. <\/p>\n","protected":false},"author":1,"featured_media":5392,"comment_status":"closed","ping_status":"closed","sticky":false,"template":"","format":"standard","meta":{"footnotes":""},"categories":[48],"tags":[],"class_list":["post-5406","post","type-post","status-publish","format-standard","has-post-thumbnail","hentry","category-assistenza-e-supporto"],"_links":{"self":[{"href":"https:\/\/sanvida.ch\/it\/wp-json\/wp\/v2\/posts\/5406","targetHints":{"allow":["GET"]}}],"collection":[{"href":"https:\/\/sanvida.ch\/it\/wp-json\/wp\/v2\/posts"}],"about":[{"href":"https:\/\/sanvida.ch\/it\/wp-json\/wp\/v2\/types\/post"}],"author":[{"embeddable":true,"href":"https:\/\/sanvida.ch\/it\/wp-json\/wp\/v2\/users\/1"}],"replies":[{"embeddable":true,"href":"https:\/\/sanvida.ch\/it\/wp-json\/wp\/v2\/comments?post=5406"}],"version-history":[{"count":3,"href":"https:\/\/sanvida.ch\/it\/wp-json\/wp\/v2\/posts\/5406\/revisions"}],"predecessor-version":[{"id":5409,"href":"https:\/\/sanvida.ch\/it\/wp-json\/wp\/v2\/posts\/5406\/revisions\/5409"}],"wp:featuredmedia":[{"embeddable":true,"href":"https:\/\/sanvida.ch\/it\/wp-json\/wp\/v2\/media\/5392"}],"wp:attachment":[{"href":"https:\/\/sanvida.ch\/it\/wp-json\/wp\/v2\/media?parent=5406"}],"wp:term":[{"taxonomy":"category","embeddable":true,"href":"https:\/\/sanvida.ch\/it\/wp-json\/wp\/v2\/categories?post=5406"},{"taxonomy":"post_tag","embeddable":true,"href":"https:\/\/sanvida.ch\/it\/wp-json\/wp\/v2\/tags?post=5406"}],"curies":[{"name":"wp","href":"https:\/\/api.w.org\/{rel}","templated":true}]}}