{"id":3248,"date":"2025-01-20T11:11:36","date_gmt":"2025-01-20T10:11:36","guid":{"rendered":"https:\/\/sanvida.ch\/pais-que-precisam-de-cuidados-apoio-sem-um-lar\/"},"modified":"2025-04-07T16:49:55","modified_gmt":"2025-04-07T14:49:55","slug":"pais-que-precisam-de-cuidados-apoio-sem-um-lar","status":"publish","type":"post","link":"https:\/\/sanvida.ch\/pt-br\/pais-que-precisam-de-cuidados-apoio-sem-um-lar\/","title":{"rendered":"Pais que precisam de cuidados: apoio sem um lar"},"content":{"rendered":"\t\t<div data-elementor-type=\"wp-post\" data-elementor-id=\"3248\" class=\"elementor elementor-3248 elementor-828\" data-elementor-post-type=\"post\">\n\t\t\t\t<div class=\"elementor-element elementor-element-8f77480 e-flex e-con-boxed e-con e-parent\" data-id=\"8f77480\" data-element_type=\"container\" data-e-type=\"container\">\n\t\t\t\t\t<div class=\"e-con-inner\">\n\t\t\t\t<div class=\"elementor-element elementor-element-587990f elementor-widget elementor-widget-text-editor\" data-id=\"587990f\" data-element_type=\"widget\" data-e-type=\"widget\" data-widget_type=\"text-editor.default\">\n\t\t\t\t<div class=\"elementor-widget-container\">\n\t\t\t\t\t\t\t\t\t<p>Muitos idosos n\u00e3o querem viver em uma casa, mesmo que precisem de cuidados. O apego emocional, o medo da solid\u00e3o e o desejo de autonomia s\u00e3o os principais motivos. Os parentes geralmente enfrentam o desafio de harmonizar esses desejos com suas pr\u00f3prias possibilidades.  <\/p>\t\t\t\t\t\t\t\t<\/div>\n\t\t\t\t<\/div>\n\t\t\t\t<div class=\"elementor-element elementor-element-fe14cb2 elementor-widget elementor-widget-heading\" data-id=\"fe14cb2\" data-element_type=\"widget\" data-e-type=\"widget\" data-widget_type=\"heading.default\">\n\t\t\t\t<div class=\"elementor-widget-container\">\n\t\t\t\t\t<h3 class=\"elementor-heading-title elementor-size-default\">Raz\u00f5es pelas quais os pais n\u00e3o querem ir para uma casa de repouso<\/h3>\t\t\t\t<\/div>\n\t\t\t\t<\/div>\n\t\t\t\t<div class=\"elementor-element elementor-element-6ec1cf4 elementor-widget elementor-widget-text-editor\" data-id=\"6ec1cf4\" data-element_type=\"widget\" data-e-type=\"widget\" data-widget_type=\"text-editor.default\">\n\t\t\t\t<div class=\"elementor-widget-container\">\n\t\t\t\t\t\t\t\t\t<table><thead><tr><th><strong>Motivos<\/strong><\/th><th><strong>Explica\u00e7\u00e3o<\/strong><\/th><\/tr><\/thead><tbody><tr><td>Apego emocional<\/td><td>O ambiente familiar oferece seguran\u00e7a e um senso de pertencimento.<\/td><\/tr><tr><td>Medo da solid\u00e3o<\/td><td>Preocupa\u00e7\u00e3o em perder o contato com a fam\u00edlia e os vizinhos em casa.<\/td><\/tr><tr><td>Perda de independ\u00eancia<\/td><td>A sensa\u00e7\u00e3o de perder o controle sobre sua pr\u00f3pria vida.<\/td><\/tr><tr><td>Estigmatiza\u00e7\u00e3o<\/td><td>Percep\u00e7\u00e3o negativa das casas de repouso e o medo de ser considerado &#8220;deportado&#8221;.<\/td><\/tr><\/tbody><\/table>\t\t\t\t\t\t\t\t<\/div>\n\t\t\t\t<\/div>\n\t\t\t\t<div class=\"elementor-element elementor-element-c3c39e1 elementor-widget elementor-widget-heading\" data-id=\"c3c39e1\" data-element_type=\"widget\" data-e-type=\"widget\" data-widget_type=\"heading.default\">\n\t\t\t\t<div class=\"elementor-widget-container\">\n\t\t\t\t\t<h3 class=\"elementor-heading-title elementor-size-default\">Solu\u00e7\u00f5es para atendimento domiciliar<\/h3>\t\t\t\t<\/div>\n\t\t\t\t<\/div>\n\t\t\t\t<div class=\"elementor-element elementor-element-f8efb2e elementor-widget elementor-widget-text-editor\" data-id=\"f8efb2e\" data-element_type=\"widget\" data-e-type=\"widget\" data-widget_type=\"text-editor.default\">\n\t\t\t\t<div class=\"elementor-widget-container\">\n\t\t\t\t\t\t\t\t\t<p>Servi\u00e7os de apoio, como servi\u00e7os de atendimento ambulatorial, creche ou convers\u00f5es apropriadas para a idade, podem tornar realidade o desejo de receber cuidados em casa. Um di\u00e1logo aberto com a fam\u00edlia \u00e9 essencial para que as necessidades de todos sejam levadas em considera\u00e7\u00e3o. <\/p><p>A decis\u00e3o entre o atendimento domiciliar e uma casa de repouso continua sendo individual. Com planejamento e apoio cuidadosos, \u00e9 poss\u00edvel envelhecer com dignidade em casa. <\/p>\t\t\t\t\t\t\t\t<\/div>\n\t\t\t\t<\/div>\n\t\t\t\t<div class=\"elementor-element elementor-element-442d3f8 elementor-widget elementor-widget-heading\" data-id=\"442d3f8\" data-element_type=\"widget\" data-e-type=\"widget\" data-widget_type=\"heading.default\">\n\t\t\t\t<div class=\"elementor-widget-container\">\n\t\t\t\t\t<h3 class=\"elementor-heading-title elementor-size-default\">Cuidados em casa vs. casa de repouso<\/h3>\t\t\t\t<\/div>\n\t\t\t\t<\/div>\n\t\t\t\t<div class=\"elementor-element elementor-element-6fb50ea elementor-widget elementor-widget-text-editor\" data-id=\"6fb50ea\" data-element_type=\"widget\" data-e-type=\"widget\" data-widget_type=\"text-editor.default\">\n\t\t\t\t<div class=\"elementor-widget-container\">\n\t\t\t\t\t\t\t\t\t<table><thead><tr><th><strong>Aspecto<\/strong><\/th><th><strong>Cuidados domiciliares<\/strong><\/th><th><strong>Casa de repouso<\/strong><\/th><\/tr><\/thead><tbody><tr><td><strong>Custos<\/strong><\/td><td>Muito diferentes, dependendo do suporte.<\/td><td>Custos fixos, geralmente parcialmente cobertos.<\/td><\/tr><tr><td><strong>Ambiente social<\/strong><\/td><td>A fam\u00edlia permanece pr\u00f3xima, mas pode ficar sobrecarregada.<\/td><td>Contato com os residentes, menos privacidade.<\/td><\/tr><tr><td><strong>Qualidade do atendimento<\/strong><\/td><td>Varia de acordo com a organiza\u00e7\u00e3o da assist\u00eancia.<\/td><td>Atendimento profissional 24 horas por dia.<\/td><\/tr><tr><td><strong>Flexibilidade<\/strong><\/td><td>Possibilidade de adapta\u00e7\u00e3o aos desejos.<\/td><td>Especifica\u00e7\u00f5es por meio de estruturas residenciais.<\/td><\/tr><\/tbody><\/table>\t\t\t\t\t\t\t\t<\/div>\n\t\t\t\t<\/div>\n\t\t\t\t<div class=\"elementor-element elementor-element-b5318bc elementor-widget elementor-widget-heading\" data-id=\"b5318bc\" data-element_type=\"widget\" data-e-type=\"widget\" data-widget_type=\"heading.default\">\n\t\t\t\t<div class=\"elementor-widget-container\">\n\t\t\t\t\t<h3 class=\"elementor-heading-title elementor-size-default\">Abordagens pr\u00e1ticas para o atendimento domiciliar<\/h3>\t\t\t\t<\/div>\n\t\t\t\t<\/div>\n\t\t\t\t<div class=\"elementor-element elementor-element-755b421 elementor-widget elementor-widget-text-editor\" data-id=\"755b421\" data-element_type=\"widget\" data-e-type=\"widget\" data-widget_type=\"text-editor.default\">\n\t\t\t\t<div class=\"elementor-widget-container\">\n\t\t\t\t\t\t\t\t\t<ul><li><strong>Servi\u00e7os de atendimento ambulatorial:<\/strong> apoio com higiene pessoal, medicamentos ou tarefas dom\u00e9sticas.<\/li><li><strong>Creche:<\/strong> cuidados durante o dia para aliviar os familiares.<\/li><li><strong>Adapta\u00e7\u00f5es residenciais:<\/strong> convers\u00f5es sem barreiras para maior seguran\u00e7a.<\/li><li><strong>Orienta\u00e7\u00e3o sobre cuidados:<\/strong> orienta\u00e7\u00e3o profissional sobre organiza\u00e7\u00e3o e financiamento.<br><br><\/li><\/ul><p>A comunica\u00e7\u00e3o aberta \u00e9 fundamental para que voc\u00ea leve em conta as necessidades de todos. A assist\u00eancia financeira, como aux\u00edlio para cuidados ou benef\u00edcios em esp\u00e9cie, pode proporcionar al\u00edvio adicional. <\/p><p>Com um planejamento claro e os servi\u00e7os certos, como os oferecidos pela <strong>Sanvida<\/strong>, a vida em casa pode ser realizada com frequ\u00eancia.<\/p>\t\t\t\t\t\t\t\t<\/div>\n\t\t\t\t<\/div>\n\t\t\t\t\t<\/div>\n\t\t\t\t<\/div>\n\t\t\t\t<\/div>\n\t\t","protected":false},"excerpt":{"rendered":"<p>Muitos idosos n\u00e3o querem viver em uma casa, mesmo que precisem de cuidados. O apego emocional, o medo da solid\u00e3o e o desejo de autonomia s\u00e3o os principais motivos. Os parentes geralmente enfrentam o desafio de harmonizar esses desejos com suas pr\u00f3prias possibilidades. Raz\u00f5es pelas quais os pais n\u00e3o querem ir para uma casa de [&hellip;]<\/p>\n","protected":false},"author":1,"featured_media":3249,"comment_status":"closed","ping_status":"closed","sticky":false,"template":"","format":"standard","meta":{"footnotes":""},"categories":[116],"tags":[123,118,122,121,117,119,120],"class_list":["post-3248","post","type-post","status-publish","format-standard","has-post-thumbnail","hentry","category-cuidados-e-suporte","tag-apoio-social","tag-atendimento-domiciliar","tag-casa-de-repouso","tag-creche","tag-cuidados-em-casa","tag-pais-que-precisam-de-cuidados","tag-servicos-de-atendimento-ambulatorial"],"_links":{"self":[{"href":"https:\/\/sanvida.ch\/pt-br\/wp-json\/wp\/v2\/posts\/3248","targetHints":{"allow":["GET"]}}],"collection":[{"href":"https:\/\/sanvida.ch\/pt-br\/wp-json\/wp\/v2\/posts"}],"about":[{"href":"https:\/\/sanvida.ch\/pt-br\/wp-json\/wp\/v2\/types\/post"}],"author":[{"embeddable":true,"href":"https:\/\/sanvida.ch\/pt-br\/wp-json\/wp\/v2\/users\/1"}],"replies":[{"embeddable":true,"href":"https:\/\/sanvida.ch\/pt-br\/wp-json\/wp\/v2\/comments?post=3248"}],"version-history":[{"count":5,"href":"https:\/\/sanvida.ch\/pt-br\/wp-json\/wp\/v2\/posts\/3248\/revisions"}],"predecessor-version":[{"id":3266,"href":"https:\/\/sanvida.ch\/pt-br\/wp-json\/wp\/v2\/posts\/3248\/revisions\/3266"}],"wp:featuredmedia":[{"embeddable":true,"href":"https:\/\/sanvida.ch\/pt-br\/wp-json\/wp\/v2\/media\/3249"}],"wp:attachment":[{"href":"https:\/\/sanvida.ch\/pt-br\/wp-json\/wp\/v2\/media?parent=3248"}],"wp:term":[{"taxonomy":"category","embeddable":true,"href":"https:\/\/sanvida.ch\/pt-br\/wp-json\/wp\/v2\/categories?post=3248"},{"taxonomy":"post_tag","embeddable":true,"href":"https:\/\/sanvida.ch\/pt-br\/wp-json\/wp\/v2\/tags?post=3248"}],"curies":[{"name":"wp","href":"https:\/\/api.w.org\/{rel}","templated":true}]}}