{"id":5374,"date":"2026-04-07T13:04:57","date_gmt":"2026-04-07T11:04:57","guid":{"rendered":"https:\/\/sanvida.ch\/cuidados-no-dia-a-dia-estrutura-clareza-e-um-verdadeiro-alivio\/"},"modified":"2026-04-07T14:19:07","modified_gmt":"2026-04-07T12:19:07","slug":"cuidados-no-dia-a-dia-estrutura-clareza-e-um-verdadeiro-alivio","status":"publish","type":"post","link":"https:\/\/sanvida.ch\/pt-br\/cuidados-no-dia-a-dia-estrutura-clareza-e-um-verdadeiro-alivio\/","title":{"rendered":"Cuidados no dia a dia: estrutura, clareza e um verdadeiro al\u00edvio"},"content":{"rendered":"\t\t<div data-elementor-type=\"wp-post\" data-elementor-id=\"5374\" class=\"elementor elementor-5374 elementor-5340\" data-elementor-post-type=\"post\">\n\t\t\t\t<div class=\"elementor-element elementor-element-fd58b5f e-flex e-con-boxed e-con e-parent\" data-id=\"fd58b5f\" data-element_type=\"container\" data-e-type=\"container\">\n\t\t\t\t\t<div class=\"e-con-inner\">\n\t\t\t\t<div class=\"elementor-element elementor-element-133b13f elementor-widget elementor-widget-text-editor\" data-id=\"133b13f\" data-element_type=\"widget\" data-e-type=\"widget\" data-widget_type=\"text-editor.default\">\n\t\t\t\t<div class=\"elementor-widget-container\">\n\t\t\t\t\t\t\t\t\tCuidar de um familiar muitas vezes vira o dia-a-dia de cabe\u00e7a para baixo. O que antes era algo natural torna-se, de repente, um desafio di\u00e1rio. \u00c9 preciso tomar decis\u00f5es rapidamente, as tarefas organizacionais aumentam e, ao mesmo tempo, quase n\u00e3o sobra tempo para si pr\u00f3prio.  \t\t\t\t\t\t\t\t<\/div>\n\t\t\t\t<\/div>\n\t\t\t\t<div class=\"elementor-element elementor-element-d7798f2 elementor-widget elementor-widget-heading\" data-id=\"d7798f2\" data-element_type=\"widget\" data-e-type=\"widget\" data-widget_type=\"heading.default\">\n\t\t\t\t<div class=\"elementor-widget-container\">\n\t\t\t\t\t<h3 class=\"elementor-heading-title elementor-size-default\">Os cuidados trazem consigo novas quest\u00f5es todos os dias.<\/h3>\t\t\t\t<\/div>\n\t\t\t\t<\/div>\n\t\t\t\t<div class=\"elementor-element elementor-element-97828c9 elementor-widget elementor-widget-text-editor\" data-id=\"97828c9\" data-element_type=\"widget\" data-e-type=\"widget\" data-widget_type=\"text-editor.default\">\n\t\t\t\t<div class=\"elementor-widget-container\">\n\t\t\t\t\t\t\t\t\tA organiza\u00e7\u00e3o, as exig\u00eancias e as responsabilidades convergem simultaneamente. Sem uma estrutura clara, surge rapidamente uma sobrecarga. \t\t\t\t\t\t\t\t<\/div>\n\t\t\t\t<\/div>\n\t\t\t\t<div class=\"elementor-element elementor-element-38f7cc4 elementor-widget elementor-widget-heading\" data-id=\"38f7cc4\" data-element_type=\"widget\" data-e-type=\"widget\" data-widget_type=\"heading.default\">\n\t\t\t\t<div class=\"elementor-widget-container\">\n\t\t\t\t\t<h3 class=\"elementor-heading-title elementor-size-default\">Por que \u00e9 que os cuidados de sa\u00fade se tornam rapidamente complexos<\/h3>\t\t\t\t<\/div>\n\t\t\t\t<\/div>\n\t\t\t\t<div class=\"elementor-element elementor-element-157a3a4 elementor-widget elementor-widget-text-editor\" data-id=\"157a3a4\" data-element_type=\"widget\" data-e-type=\"widget\" data-widget_type=\"text-editor.default\">\n\t\t\t\t<div class=\"elementor-widget-container\">\n\t\t\t\t\t\t\t\t\t<p data-start=\"665\" data-end=\"723\">Muitos familiares que prestam cuidados enfrentam problemas semelhantes:<\/p>\n<ul data-start=\"725\" data-end=\"916\">\n<li data-section-id=\"x1dinm\" data-start=\"725\" data-end=\"752\">Responsabilidades pouco claras<\/li>\n<li data-section-id=\"j1s534\" data-start=\"753\" data-end=\"808\">Falta de informa\u00e7\u00f5es sobre presta\u00e7\u00f5es e direitos<\/li>\n<li data-section-id=\"5p8rzq\" data-start=\"809\" data-end=\"832\">Press\u00e3o de tempo no dia a dia<\/li>\n<li data-section-id=\"17s1rd6\" data-start=\"833\" data-end=\"857\">Carga emocional<\/li>\n<li data-section-id=\"zijexa\" data-start=\"858\" data-end=\"916\">Dificuldade em coordenar hor\u00e1rios e apoio<\/li>\n<\/ul>\n<p data-start=\"918\" data-end=\"1015\">Estes fatores fazem com que os cuidados sejam desgastantes n\u00e3o s\u00f3 fisicamente, mas tamb\u00e9m mentalmente.<\/p>\t\t\t\t\t\t\t\t<\/div>\n\t\t\t\t<\/div>\n\t\t\t\t<div class=\"elementor-element elementor-element-687af9d elementor-widget elementor-widget-heading\" data-id=\"687af9d\" data-element_type=\"widget\" data-e-type=\"widget\" data-widget_type=\"heading.default\">\n\t\t\t\t<div class=\"elementor-widget-container\">\n\t\t\t\t\t<h3 class=\"elementor-heading-title elementor-size-default\">A estrutura proporciona al\u00edvio<\/h3>\t\t\t\t<\/div>\n\t\t\t\t<\/div>\n\t\t\t\t<div class=\"elementor-element elementor-element-1af73ed elementor-widget elementor-widget-text-editor\" data-id=\"1af73ed\" data-element_type=\"widget\" data-e-type=\"widget\" data-widget_type=\"text-editor.default\">\n\t\t\t\t<div class=\"elementor-widget-container\">\n\t\t\t\t\t\t\t\t\t<p data-start=\"1050\" data-end=\"1233\">A diferen\u00e7a fundamental reside na clareza.<br data-start=\"1102\" data-end=\"1105\">Quem sabe quais s\u00e3o os passos necess\u00e1rios e quais as possibilidades existentes pode organizar ativamente os cuidados, em vez de se limitar a reagir.<\/p>\n<p data-start=\"1235\" data-end=\"1270\">Uma boa organiza\u00e7\u00e3o ajuda nisso:<\/p>\n<ul data-start=\"1272\" data-end=\"1431\">\n<li data-section-id=\"1975fz4\" data-start=\"1272\" data-end=\"1309\">Priorizar as tarefas de forma sensata<\/li>\n<li data-section-id=\"lmv52\" data-start=\"1310\" data-end=\"1354\">Utilizar de forma espec\u00edfica as ofertas de apoio<\/li>\n<li data-section-id=\"1y4lej8\" data-start=\"1355\" data-end=\"1385\">Utilizar o tempo de forma eficiente<\/li>\n<li data-section-id=\"mdyd68\" data-start=\"1386\" data-end=\"1431\">Ganhar seguran\u00e7a nas decis\u00f5es<\/li>\n<\/ul>\n<p data-start=\"1433\" data-end=\"1487\">Desta forma, os cuidados tornam-se mais f\u00e1ceis de planear e sustent\u00e1veis a longo prazo.<\/p>\t\t\t\t\t\t\t\t<\/div>\n\t\t\t\t<\/div>\n\t\t\t\t<div class=\"elementor-element elementor-element-56bd0d2 elementor-widget elementor-widget-heading\" data-id=\"56bd0d2\" data-element_type=\"widget\" data-e-type=\"widget\" data-widget_type=\"heading.default\">\n\t\t\t\t<div class=\"elementor-widget-container\">\n\t\t\t\t\t<h3 class=\"elementor-heading-title elementor-size-default\">Solu\u00e7\u00f5es em vez de sobrecarga<\/h3>\t\t\t\t<\/div>\n\t\t\t\t<\/div>\n\t\t\t\t<div class=\"elementor-element elementor-element-a00cb80 elementor-widget elementor-widget-text-editor\" data-id=\"a00cb80\" data-element_type=\"widget\" data-e-type=\"widget\" data-widget_type=\"text-editor.default\">\n\t\t\t\t<div class=\"elementor-widget-container\">\n\t\t\t\t\t\t\t\t\t<p data-start=\"1523\" data-end=\"1688\">Muitos desafios n\u00e3o surgem por falta de solu\u00e7\u00f5es, mas porque estas n\u00e3o s\u00e3o vis\u00edveis ou compreens\u00edveis. \u00c9 precisamente aqui que entra em jogo uma abordagem estruturada. <\/p>\n<p data-start=\"1690\" data-end=\"1747\">Com as ferramentas certas e processos claros, \u00e9 poss\u00edvel:<\/p>\n<ul data-start=\"1749\" data-end=\"1894\">\n<li data-section-id=\"hkbd7w\" data-start=\"1749\" data-end=\"1779\">Simplificar os processos de cuidados<\/li>\n<li data-section-id=\"1e77z0g\" data-start=\"1780\" data-end=\"1818\">Reduzir as tarefas administrativas<\/li>\n<li data-section-id=\"ehmgt3\" data-start=\"1819\" data-end=\"1852\">Colmatar as lacunas de informa\u00e7\u00e3o<\/li>\n<li data-section-id=\"1s29u2k\" data-start=\"1853\" data-end=\"1894\">Definir medidas concretas<\/li>\n<\/ul>\n<p data-start=\"1896\" data-end=\"1996\">O objetivo n\u00e3o \u00e9 a perfei\u00e7\u00e3o, mas sim uma solu\u00e7\u00e3o pr\u00e1tica e realista para o dia a dia.<\/p>\t\t\t\t\t\t\t\t<\/div>\n\t\t\t\t<\/div>\n\t\t\t\t<div class=\"elementor-element elementor-element-027c0f4 elementor-widget elementor-widget-heading\" data-id=\"027c0f4\" data-element_type=\"widget\" data-e-type=\"widget\" data-widget_type=\"heading.default\">\n\t\t\t\t<div class=\"elementor-widget-container\">\n\t\t\t\t\t<h3 class=\"elementor-heading-title elementor-size-default\">Como a Sanvida presta apoio<\/h3>\t\t\t\t<\/div>\n\t\t\t\t<\/div>\n\t\t\t\t<div class=\"elementor-element elementor-element-1ae693d elementor-widget elementor-widget-text-editor\" data-id=\"1ae693d\" data-element_type=\"widget\" data-e-type=\"widget\" data-widget_type=\"text-editor.default\">\n\t\t\t\t<div class=\"elementor-widget-container\">\n\t\t\t\t\t\t\t\t\t<p data-start=\"2027\" data-end=\"2205\">A Sanvida ajuda os familiares que prestam cuidados a organizar situa\u00e7\u00f5es complexas. O foco est\u00e1 em solu\u00e7\u00f5es pr\u00e1ticas e exequ\u00edveis, em vez de conceitos te\u00f3ricos. <\/p>\n<p data-start=\"2207\" data-end=\"2234\">Trata-se, acima de tudo, de:<\/p>\n<ul data-start=\"2236\" data-end=\"2422\">\n<li data-section-id=\"1ikfnpt\" data-start=\"2236\" data-end=\"2284\">An\u00e1lise individual da situa\u00e7\u00e3o atual<\/li>\n<li data-section-id=\"1rukd7u\" data-start=\"2285\" data-end=\"2329\">Uma estrutura clara para os pr\u00f3ximos passos<\/li>\n<li data-section-id=\"1gt1il1\" data-start=\"2330\" data-end=\"2376\">Apoio na organiza\u00e7\u00e3o e planeamento<\/li>\n<li data-section-id=\"88z4sz\" data-start=\"2377\" data-end=\"2422\">Orienta\u00e7\u00e3o sobre o sistema e os direitos<\/li>\n<\/ul>\n<p data-start=\"2424\" data-end=\"2496\">Assim, passo a passo, ganha-se mais clareza e seguran\u00e7a no dia a dia.<\/p>\t\t\t\t\t\t\t\t<\/div>\n\t\t\t\t<\/div>\n\t\t\t\t<div class=\"elementor-element elementor-element-74f45a9 elementor-widget-divider--view-line elementor-widget elementor-widget-divider\" data-id=\"74f45a9\" data-element_type=\"widget\" data-e-type=\"widget\" data-widget_type=\"divider.default\">\n\t\t\t\t<div class=\"elementor-widget-container\">\n\t\t\t\t\t\t\t<div class=\"elementor-divider\">\n\t\t\t<span class=\"elementor-divider-separator\">\n\t\t\t\t\t\t<\/span>\n\t\t<\/div>\n\t\t\t\t\t\t<\/div>\n\t\t\t\t<\/div>\n\t\t\t\t<div class=\"elementor-element elementor-element-5c92f9e elementor-widget elementor-widget-heading\" data-id=\"5c92f9e\" data-element_type=\"widget\" data-e-type=\"widget\" data-widget_type=\"heading.default\">\n\t\t\t\t<div class=\"elementor-widget-container\">\n\t\t\t\t\t<h3 class=\"elementor-heading-title elementor-size-default\">Conclus\u00e3o<\/h3>\t\t\t\t<\/div>\n\t\t\t\t<\/div>\n\t\t\t\t<div class=\"elementor-element elementor-element-7f8b063 elementor-widget elementor-widget-text-editor\" data-id=\"7f8b063\" data-element_type=\"widget\" data-e-type=\"widget\" data-widget_type=\"text-editor.default\">\n\t\t\t\t<div class=\"elementor-widget-container\">\n\t\t\t\t\t\t\t\t\t<p>Os cuidados n\u00e3o t\u00eam de ser ca\u00f3ticos e esgotantes. Com a estrutura certa, informa\u00e7\u00f5es claras e apoio espec\u00edfico, tornam-se previs\u00edveis e suport\u00e1veis. <\/p>\n<p>Quem come\u00e7a cedo a organizar a sua pr\u00f3pria situa\u00e7\u00e3o alivia a sua pr\u00f3pria carga e, ao mesmo tempo, cria uma base mais s\u00f3lida para a pessoa a seu cargo.<\/p>\t\t\t\t\t\t\t\t<\/div>\n\t\t\t\t<\/div>\n\t\t\t\t\t<\/div>\n\t\t\t\t<\/div>\n\t\t\t\t<\/div>\n\t\t","protected":false},"excerpt":{"rendered":"<p>Os cuidados no dia-a-dia podem rapidamente tornar-se complexos. Com uma estrutura clara, as informa\u00e7\u00f5es certas e solu\u00e7\u00f5es espec\u00edficas, tornam-se previs\u00edveis, organizados e sustent\u00e1veis a longo prazo para os familiares que prestam cuidados. <\/p>\n","protected":false},"author":1,"featured_media":5364,"comment_status":"closed","ping_status":"closed","sticky":false,"template":"","format":"standard","meta":{"footnotes":""},"categories":[116],"tags":[],"class_list":["post-5374","post","type-post","status-publish","format-standard","has-post-thumbnail","hentry","category-cuidados-e-suporte"],"_links":{"self":[{"href":"https:\/\/sanvida.ch\/pt-br\/wp-json\/wp\/v2\/posts\/5374","targetHints":{"allow":["GET"]}}],"collection":[{"href":"https:\/\/sanvida.ch\/pt-br\/wp-json\/wp\/v2\/posts"}],"about":[{"href":"https:\/\/sanvida.ch\/pt-br\/wp-json\/wp\/v2\/types\/post"}],"author":[{"embeddable":true,"href":"https:\/\/sanvida.ch\/pt-br\/wp-json\/wp\/v2\/users\/1"}],"replies":[{"embeddable":true,"href":"https:\/\/sanvida.ch\/pt-br\/wp-json\/wp\/v2\/comments?post=5374"}],"version-history":[{"count":1,"href":"https:\/\/sanvida.ch\/pt-br\/wp-json\/wp\/v2\/posts\/5374\/revisions"}],"predecessor-version":[{"id":5375,"href":"https:\/\/sanvida.ch\/pt-br\/wp-json\/wp\/v2\/posts\/5374\/revisions\/5375"}],"wp:featuredmedia":[{"embeddable":true,"href":"https:\/\/sanvida.ch\/pt-br\/wp-json\/wp\/v2\/media\/5364"}],"wp:attachment":[{"href":"https:\/\/sanvida.ch\/pt-br\/wp-json\/wp\/v2\/media?parent=5374"}],"wp:term":[{"taxonomy":"category","embeddable":true,"href":"https:\/\/sanvida.ch\/pt-br\/wp-json\/wp\/v2\/categories?post=5374"},{"taxonomy":"post_tag","embeddable":true,"href":"https:\/\/sanvida.ch\/pt-br\/wp-json\/wp\/v2\/tags?post=5374"}],"curies":[{"name":"wp","href":"https:\/\/api.w.org\/{rel}","templated":true}]}}