{"id":5418,"date":"2026-04-15T10:49:14","date_gmt":"2026-04-15T08:49:14","guid":{"rendered":"https:\/\/sanvida.ch\/o-cuidado-exige-equilibrio-humanidade-e-estrutura-no-dia-a-dia\/"},"modified":"2026-04-15T13:03:33","modified_gmt":"2026-04-15T11:03:33","slug":"o-cuidado-exige-equilibrio-humanidade-e-estrutura-no-dia-a-dia","status":"publish","type":"post","link":"https:\/\/sanvida.ch\/pt-br\/o-cuidado-exige-equilibrio-humanidade-e-estrutura-no-dia-a-dia\/","title":{"rendered":"O cuidado exige equil\u00edbrio: humanidade e estrutura no dia a dia"},"content":{"rendered":"\t\t<div data-elementor-type=\"wp-post\" data-elementor-id=\"5418\" class=\"elementor elementor-5418 elementor-5386\" data-elementor-post-type=\"post\">\n\t\t\t\t<div class=\"elementor-element elementor-element-fd58b5f e-flex e-con-boxed e-con e-parent\" data-id=\"fd58b5f\" data-element_type=\"container\" data-e-type=\"container\">\n\t\t\t\t\t<div class=\"e-con-inner\">\n\t\t\t\t<div class=\"elementor-element elementor-element-133b13f elementor-widget elementor-widget-text-editor\" data-id=\"133b13f\" data-element_type=\"widget\" data-e-type=\"widget\" data-widget_type=\"text-editor.default\">\n\t\t\t\t<div class=\"elementor-widget-container\">\n\t\t\t\t\t\t\t\t\t<p><strong>O cuidado come\u00e7a sempre com as pessoas.<\/strong><br>Ele surge da proximidade, da confian\u00e7a e do desejo de estar ao lado de algu\u00e9m. Justamente para os familiares cuidadores, essa liga\u00e7\u00e3o emocional \u00e9 a motiva\u00e7\u00e3o mais importante. Ela d\u00e1 for\u00e7a, orienta\u00e7\u00e3o e sentido.  <\/p><p>Mas \u00e9 justamente a\u00ed que reside o desafio: o cuidado n\u00e3o \u00e9 apenas uma quest\u00e3o de relacionamento, mas tamb\u00e9m de organiza\u00e7\u00e3o. Consultas, exames, necessidades, procedimentos \u2013 tudo isso ocorre paralelamente ao n\u00edvel interpessoal. E quando esses dois mundos n\u00e3o se encontram, o cuidado rapidamente se torna um fardo permanente.  <\/p>\t\t\t\t\t\t\t\t<\/div>\n\t\t\t\t<\/div>\n\t\t\t\t<div class=\"elementor-element elementor-element-d7798f2 elementor-widget elementor-widget-heading\" data-id=\"d7798f2\" data-element_type=\"widget\" data-e-type=\"widget\" data-widget_type=\"heading.default\">\n\t\t\t\t<div class=\"elementor-widget-container\">\n\t\t\t\t\t<h3 class=\"elementor-heading-title elementor-size-default\">Quando a emo\u00e7\u00e3o se encontra com o cotidiano<\/h3>\t\t\t\t<\/div>\n\t\t\t\t<\/div>\n\t\t\t\t<div class=\"elementor-element elementor-element-97828c9 elementor-widget elementor-widget-text-editor\" data-id=\"97828c9\" data-element_type=\"widget\" data-e-type=\"widget\" data-widget_type=\"text-editor.default\">\n\t\t\t\t<div class=\"elementor-widget-container\">\n\t\t\t\t\t\t\t\t\t<p>Muitas situa\u00e7\u00f5es n\u00e3o surgem porque os cuidados em si s\u00e3o dif\u00edceis, mas porque s\u00e3o prestados de forma desorganizada. As decis\u00f5es s\u00e3o tomadas de forma espont\u00e2nea, faltam informa\u00e7\u00f5es ou elas chegam tarde demais, e o dia a dia acaba se desenrolando de forma reativa, em vez de planejada. <\/p><p>Isso faz com que at\u00e9 mesmo tarefas simples de repente exijam muita energia. N\u00e3o porque sejam complexas, mas porque falta uma vis\u00e3o geral. <\/p><p>Ao mesmo tempo, a responsabilidade emocional permanece. Queremos fazer tudo certo, n\u00e3o decepcionar ningu\u00e9m e apoiar os familiares da melhor maneira poss\u00edvel. \u00c9 justamente essa combina\u00e7\u00e3o de responsabilidade e falta de clareza que gera press\u00e3o a longo prazo.  <\/p>\t\t\t\t\t\t\t\t<\/div>\n\t\t\t\t<\/div>\n\t\t\t\t<div class=\"elementor-element elementor-element-38f7cc4 elementor-widget elementor-widget-heading\" data-id=\"38f7cc4\" data-element_type=\"widget\" data-e-type=\"widget\" data-widget_type=\"heading.default\">\n\t\t\t\t<div class=\"elementor-widget-container\">\n\t\t\t\t\t<h3 class=\"elementor-heading-title elementor-size-default\">Por que a estrutura n\u00e3o tem nada a ver com dist\u00e2ncia<\/h3>\t\t\t\t<\/div>\n\t\t\t\t<\/div>\n\t\t\t\t<div class=\"elementor-element elementor-element-157a3a4 elementor-widget elementor-widget-text-editor\" data-id=\"157a3a4\" data-element_type=\"widget\" data-e-type=\"widget\" data-widget_type=\"text-editor.default\">\n\t\t\t\t<div class=\"elementor-widget-container\">\n\t\t\t\t\t\t\t\t\t<p>Uma ideia comum \u00e9 que uma maior organiza\u00e7\u00e3o diminui o lado humano dos cuidados. Na verdade, acontece exatamente o contr\u00e1rio. <\/p><p><strong>A estrutura cria espa\u00e7o.<\/strong><br>Espa\u00e7o para decis\u00f5es conscientes, para uma presen\u00e7a aut\u00eantica e para momentos que n\u00e3o s\u00e3o marcados pelo estresse ou pela inseguran\u00e7a.<\/p><p>Quando fica claro o que fazer, quando algo acontece e quais s\u00e3o as possibilidades, toda a din\u00e2mica muda. Os cuidados n\u00e3o s\u00e3o mais apenas suportados, mas ativamente moldados. <\/p><p>Isso n\u00e3o significa que tudo tenha que correr na perfei\u00e7\u00e3o. Significa que h\u00e1 um rumo a seguir. <\/p>\t\t\t\t\t\t\t\t<\/div>\n\t\t\t\t<\/div>\n\t\t\t\t<div class=\"elementor-element elementor-element-687af9d elementor-widget elementor-widget-heading\" data-id=\"687af9d\" data-element_type=\"widget\" data-e-type=\"widget\" data-widget_type=\"heading.default\">\n\t\t\t\t<div class=\"elementor-widget-container\">\n\t\t\t\t\t<h3 class=\"elementor-heading-title elementor-size-default\">O equil\u00edbrio que torna os cuidados acess\u00edveis<\/h3>\t\t\t\t<\/div>\n\t\t\t\t<\/div>\n\t\t\t\t<div class=\"elementor-element elementor-element-1af73ed elementor-widget elementor-widget-text-editor\" data-id=\"1af73ed\" data-element_type=\"widget\" data-e-type=\"widget\" data-widget_type=\"text-editor.default\">\n\t\t\t\t<div class=\"elementor-widget-container\">\n\t\t\t\t\t\t\t\t\t<p>A longo prazo, o cuidado s\u00f3 funciona quando ambas as partes est\u00e3o em equil\u00edbrio.<br>A humanidade sem estrutura leva ao esgotamento.<br>A estrutura sem humanidade perde o sentido.<\/p><p>O equil\u00edbrio surge quando processos claros v\u00e3o ao encontro de necessidades reais. Quando a organiza\u00e7\u00e3o apoia, em vez de limitar. E quando as decis\u00f5es s\u00e3o tomadas com clareza, e n\u00e3o por estresse.  <\/p><p>\u00c9 exatamente nesse ponto que os cuidados se tornam vi\u00e1veis \u2013 n\u00e3o apenas no momento, mas a longo prazo.<\/p>\t\t\t\t\t\t\t\t<\/div>\n\t\t\t\t<\/div>\n\t\t\t\t<div class=\"elementor-element elementor-element-56bd0d2 elementor-widget elementor-widget-heading\" data-id=\"56bd0d2\" data-element_type=\"widget\" data-e-type=\"widget\" data-widget_type=\"heading.default\">\n\t\t\t\t<div class=\"elementor-widget-container\">\n\t\t\t\t\t<h3 class=\"elementor-heading-title elementor-size-default\">Como a Sanvida presta apoio<\/h3>\t\t\t\t<\/div>\n\t\t\t\t<\/div>\n\t\t\t\t<div class=\"elementor-element elementor-element-a00cb80 elementor-widget elementor-widget-text-editor\" data-id=\"a00cb80\" data-element_type=\"widget\" data-e-type=\"widget\" data-widget_type=\"text-editor.default\">\n\t\t\t\t<div class=\"elementor-widget-container\">\n\t\t\t\t\t\t\t\t\t<p>\u00c9 exatamente a\u00ed que a Sanvida entra em cena. N\u00e3o com conceitos te\u00f3ricos, mas com um foco claro no dia a dia. <\/p><p>Ziel ist es, pflegenden Angeh\u00f6rigen dabei zu helfen, ihre individuelle Situation zu ordnen, verst\u00e4ndlich zu machen und in eine funktionierende Struktur zu bringen. Schritt f\u00fcr Schritt entsteht so mehr \u00dcbersicht, mehr Sicherheit und vor allem mehr Ruhe im t\u00e4glichen Ablauf. <\/p><p>Dabei bleibt der Mensch immer im Zentrum. Organisation ist kein Selbstzweck, sondern ein Werkzeug, um Pflege menschlich und gleichzeitig stabil zu gestalten. <\/p><p>A comunica\u00e7\u00e3o tamb\u00e9m \u00e9 uma parte importante disso. Especialmente na Su\u00ed\u00e7a, onde muitas pessoas vivem em um ambiente multil\u00edngue, \u00e9 fundamental sentir-se realmente compreendido. Por isso, a Sanvida oferece atendimento em v\u00e1rios idiomas \u2013 alem\u00e3o, italiano, franc\u00eas, ingl\u00eas ou na l\u00edngua materna de cada um.  <\/p>\t\t\t\t\t\t\t\t<\/div>\n\t\t\t\t<\/div>\n\t\t\t\t<div class=\"elementor-element elementor-element-74f45a9 elementor-widget-divider--view-line elementor-widget elementor-widget-divider\" data-id=\"74f45a9\" data-element_type=\"widget\" data-e-type=\"widget\" data-widget_type=\"divider.default\">\n\t\t\t\t<div class=\"elementor-widget-container\">\n\t\t\t\t\t\t\t<div class=\"elementor-divider\">\n\t\t\t<span class=\"elementor-divider-separator\">\n\t\t\t\t\t\t<\/span>\n\t\t<\/div>\n\t\t\t\t\t\t<\/div>\n\t\t\t\t<\/div>\n\t\t\t\t<div class=\"elementor-element elementor-element-5c92f9e elementor-widget elementor-widget-heading\" data-id=\"5c92f9e\" data-element_type=\"widget\" data-e-type=\"widget\" data-widget_type=\"heading.default\">\n\t\t\t\t<div class=\"elementor-widget-container\">\n\t\t\t\t\t<h3 class=\"elementor-heading-title elementor-size-default\">Conclus\u00e3o<\/h3>\t\t\t\t<\/div>\n\t\t\t\t<\/div>\n\t\t\t\t<div class=\"elementor-element elementor-element-7f8b063 elementor-widget elementor-widget-text-editor\" data-id=\"7f8b063\" data-element_type=\"widget\" data-e-type=\"widget\" data-widget_type=\"text-editor.default\">\n\t\t\t\t<div class=\"elementor-widget-container\">\n\t\t\t\t\t\t\t\t\t<p>Cuidar \u00e9 sempre uma combina\u00e7\u00e3o de dois aspectos: emocional e organizacional.<br>Quem tentar assumir apenas um desses aspectos acabar\u00e1 encontrando limites a longo prazo.<\/p><p>S\u00f3 quando a estrutura e a humanidade se unem \u00e9 que surge algo que realmente funciona no dia a dia. Algo que n\u00e3o apenas sustenta, mas tamb\u00e9m alivia. <\/p>\t\t\t\t\t\t\t\t<\/div>\n\t\t\t\t<\/div>\n\t\t\t\t\t<\/div>\n\t\t\t\t<\/div>\n\t\t\t\t<\/div>\n\t\t","protected":false},"excerpt":{"rendered":"<p>Cuidar de algu\u00e9m combina proximidade e responsabilidade com organiza\u00e7\u00e3o e planejamento. O equil\u00edbrio certo determina se o dia a dia continua sendo sustent\u00e1vel a longo prazo. <\/p>\n","protected":false},"author":1,"featured_media":5394,"comment_status":"closed","ping_status":"closed","sticky":false,"template":"","format":"standard","meta":{"footnotes":""},"categories":[116],"tags":[],"class_list":["post-5418","post","type-post","status-publish","format-standard","has-post-thumbnail","hentry","category-cuidados-e-suporte"],"_links":{"self":[{"href":"https:\/\/sanvida.ch\/pt-br\/wp-json\/wp\/v2\/posts\/5418","targetHints":{"allow":["GET"]}}],"collection":[{"href":"https:\/\/sanvida.ch\/pt-br\/wp-json\/wp\/v2\/posts"}],"about":[{"href":"https:\/\/sanvida.ch\/pt-br\/wp-json\/wp\/v2\/types\/post"}],"author":[{"embeddable":true,"href":"https:\/\/sanvida.ch\/pt-br\/wp-json\/wp\/v2\/users\/1"}],"replies":[{"embeddable":true,"href":"https:\/\/sanvida.ch\/pt-br\/wp-json\/wp\/v2\/comments?post=5418"}],"version-history":[{"count":3,"href":"https:\/\/sanvida.ch\/pt-br\/wp-json\/wp\/v2\/posts\/5418\/revisions"}],"predecessor-version":[{"id":5421,"href":"https:\/\/sanvida.ch\/pt-br\/wp-json\/wp\/v2\/posts\/5418\/revisions\/5421"}],"wp:featuredmedia":[{"embeddable":true,"href":"https:\/\/sanvida.ch\/pt-br\/wp-json\/wp\/v2\/media\/5394"}],"wp:attachment":[{"href":"https:\/\/sanvida.ch\/pt-br\/wp-json\/wp\/v2\/media?parent=5418"}],"wp:term":[{"taxonomy":"category","embeddable":true,"href":"https:\/\/sanvida.ch\/pt-br\/wp-json\/wp\/v2\/categories?post=5418"},{"taxonomy":"post_tag","embeddable":true,"href":"https:\/\/sanvida.ch\/pt-br\/wp-json\/wp\/v2\/tags?post=5418"}],"curies":[{"name":"wp","href":"https:\/\/api.w.org\/{rel}","templated":true}]}}