{"id":5959,"date":"2026-06-11T11:59:18","date_gmt":"2026-06-11T09:59:18","guid":{"rendered":"https:\/\/sanvida.ch\/transtorno-de-ansiedade-como-os-familiares-podem-ajudar-sem-se-sobrecarregar\/"},"modified":"2026-06-11T12:40:20","modified_gmt":"2026-06-11T10:40:20","slug":"transtorno-de-ansiedade-como-os-familiares-podem-ajudar-sem-se-sobrecarregar","status":"publish","type":"post","link":"https:\/\/sanvida.ch\/pt-br\/transtorno-de-ansiedade-como-os-familiares-podem-ajudar-sem-se-sobrecarregar\/","title":{"rendered":"Transtorno de ansiedade: como os familiares podem ajudar sem se sobrecarregar"},"content":{"rendered":"\t\t<div data-elementor-type=\"wp-post\" data-elementor-id=\"5959\" class=\"elementor elementor-5959 elementor-5926\" data-elementor-post-type=\"post\">\n\t\t\t\t<div class=\"elementor-element elementor-element-fd58b5f e-flex e-con-boxed e-con e-parent\" data-id=\"fd58b5f\" data-element_type=\"container\" data-e-type=\"container\">\n\t\t\t\t\t<div class=\"e-con-inner\">\n\t\t\t\t<div class=\"elementor-element elementor-element-133b13f elementor-widget elementor-widget-text-editor\" data-id=\"133b13f\" data-element_type=\"widget\" data-e-type=\"widget\" data-widget_type=\"text-editor.default\">\n\t\t\t\t<div class=\"elementor-widget-container\">\n\t\t\t\t\t\t\t\t\t<p>Quando uma pessoa pr\u00f3xima sofre de um transtorno de ansiedade, isso muitas vezes afeta toda a fam\u00edlia. Muitos familiares assumem responsabilidades, acompanham a pessoa \u00e0s consultas m\u00e9dicas, a acalmam em momentos dif\u00edceis e tentam ajud\u00e1-la no dia a dia da melhor maneira poss\u00edvel. Nesse contexto, n\u00e3o \u00e9 raro que as pr\u00f3prias necessidades fiquem em segundo plano.  <\/p>\n<p>No entanto, dar um bom apoio n\u00e3o significa ter que carregar todo o peso sozinho. Quem deseja estar presente para os outros a longo prazo deve tamb\u00e9m estar atento \u00e0 pr\u00f3pria carga emocional. <\/p>\t\t\t\t\t\t\t\t<\/div>\n\t\t\t\t<\/div>\n\t\t\t\t<div class=\"elementor-element elementor-element-d7798f2 elementor-widget elementor-widget-heading\" data-id=\"d7798f2\" data-element_type=\"widget\" data-e-type=\"widget\" data-widget_type=\"heading.default\">\n\t\t\t\t<div class=\"elementor-widget-container\">\n\t\t\t\t\t<h3 class=\"elementor-heading-title elementor-size-default\">O que \u00e9 um transtorno de ansiedade?<\/h3>\t\t\t\t<\/div>\n\t\t\t\t<\/div>\n\t\t\t\t<div class=\"elementor-element elementor-element-97828c9 elementor-widget elementor-widget-text-editor\" data-id=\"97828c9\" data-element_type=\"widget\" data-e-type=\"widget\" data-widget_type=\"text-editor.default\">\n\t\t\t\t<div class=\"elementor-widget-container\">\n\t\t\t\t\t\t\t\t\t<p class=\"isSelectedEnd\">O medo faz parte da vida. No entanto, em um transtorno de ansiedade, as preocupa\u00e7\u00f5es e os medos s\u00e3o t\u00e3o intensos que podem afetar significativamente o dia a dia. As pessoas afetadas costumam sofrer de:  <\/p>\n<ul data-spread=\"false\">\n<li>inquieta\u00e7\u00e3o e tens\u00e3o cont\u00ednuas<\/li>\n<li>Problemas de sono<\/li>\n<li>Taquicardia ou falta de ar<\/li>\n<li>Dificuldades de concentra\u00e7\u00e3o<\/li>\n<li>Comportamento de evita\u00e7\u00e3o<\/li>\n<li>grande ansiedade ou ataques de p\u00e2nico<\/li>\n<\/ul>\n<p>Os transtornos de ansiedade est\u00e3o entre as doen\u00e7as mentais mais comuns e s\u00e3o trat\u00e1veis. Al\u00e9m do apoio profissional, a fam\u00edlia e as pessoas pr\u00f3ximas tamb\u00e9m desempenham um papel importante. <\/p>\t\t\t\t\t\t\t\t<\/div>\n\t\t\t\t<\/div>\n\t\t\t\t<div class=\"elementor-element elementor-element-38f7cc4 elementor-widget elementor-widget-heading\" data-id=\"38f7cc4\" data-element_type=\"widget\" data-e-type=\"widget\" data-widget_type=\"heading.default\">\n\t\t\t\t<div class=\"elementor-widget-container\">\n\t\t\t\t\t<h3 class=\"elementor-heading-title elementor-size-default\">Como os familiares podem ajudar?<\/h3>\t\t\t\t<\/div>\n\t\t\t\t<\/div>\n\t\t\t\t<div class=\"elementor-element elementor-element-a6ea499 elementor-widget elementor-widget-heading\" data-id=\"a6ea499\" data-element_type=\"widget\" data-e-type=\"widget\" data-widget_type=\"heading.default\">\n\t\t\t\t<div class=\"elementor-widget-container\">\n\t\t\t\t\t<h4 class=\"elementor-heading-title elementor-size-default\">Ouvir, em vez de impor solu\u00e7\u00f5es<\/h4>\t\t\t\t<\/div>\n\t\t\t\t<\/div>\n\t\t\t\t<div class=\"elementor-element elementor-element-157a3a4 elementor-widget elementor-widget-text-editor\" data-id=\"157a3a4\" data-element_type=\"widget\" data-e-type=\"widget\" data-widget_type=\"text-editor.default\">\n\t\t\t\t<div class=\"elementor-widget-container\">\n\t\t\t\t\t\t\t\t\t<p>Pessoas com um transtorno de ansiedade geralmente buscam, acima de tudo, compreens\u00e3o. Nem sempre \u00e9 necess\u00e1rio encontrar uma solu\u00e7\u00e3o imediata. Muitas vezes, basta estar presente e ouvir.  <\/p>\t\t\t\t\t\t\t\t<\/div>\n\t\t\t\t<\/div>\n\t\t\t\t<div class=\"elementor-element elementor-element-d46fcf0 elementor-widget elementor-widget-heading\" data-id=\"d46fcf0\" data-element_type=\"widget\" data-e-type=\"widget\" data-widget_type=\"heading.default\">\n\t\t\t\t<div class=\"elementor-widget-container\">\n\t\t\t\t\t<h4 class=\"elementor-heading-title elementor-size-default\">Promover seguran\u00e7a e estabilidade<\/h4>\t\t\t\t<\/div>\n\t\t\t\t<\/div>\n\t\t\t\t<div class=\"elementor-element elementor-element-1af73ed elementor-widget elementor-widget-text-editor\" data-id=\"1af73ed\" data-element_type=\"widget\" data-e-type=\"widget\" data-widget_type=\"text-editor.default\">\n\t\t\t\t<div class=\"elementor-widget-container\">\n\t\t\t\t\t\t\t\t\t<p>Uma rotina di\u00e1ria organizada pode proporcionar estabilidade \u00e0s pessoas afetadas. Rotinas fixas, acordos claros e um ambiente tranquilo podem ajudar a reduzir o estresse. <\/p>\t\t\t\t\t\t\t\t<\/div>\n\t\t\t\t<\/div>\n\t\t\t\t<div class=\"elementor-element elementor-element-ee226af elementor-widget elementor-widget-heading\" data-id=\"ee226af\" data-element_type=\"widget\" data-e-type=\"widget\" data-widget_type=\"heading.default\">\n\t\t\t\t<div class=\"elementor-widget-container\">\n\t\t\t\t\t<h4 class=\"elementor-heading-title elementor-size-default\">Ter paci\u00eancia<\/h4>\t\t\t\t<\/div>\n\t\t\t\t<\/div>\n\t\t\t\t<div class=\"elementor-element elementor-element-97098c5 elementor-widget elementor-widget-text-editor\" data-id=\"97098c5\" data-element_type=\"widget\" data-e-type=\"widget\" data-widget_type=\"text-editor.default\">\n\t\t\t\t<div class=\"elementor-widget-container\">\n\t\t\t\t\t\t\t\t\t<p>O progresso nem sempre segue uma linha reta. Dias bons e dias dif\u00edceis se alternam. Paci\u00eancia e compreens\u00e3o podem ajudar a evitar press\u00e3o e estresse adicional.  <\/p>\t\t\t\t\t\t\t\t<\/div>\n\t\t\t\t<\/div>\n\t\t\t\t<div class=\"elementor-element elementor-element-40cf7dd elementor-widget elementor-widget-heading\" data-id=\"40cf7dd\" data-element_type=\"widget\" data-e-type=\"widget\" data-widget_type=\"heading.default\">\n\t\t\t\t<div class=\"elementor-widget-container\">\n\t\t\t\t\t<h4 class=\"elementor-heading-title elementor-size-default\">Promover o apoio profissional<\/h4>\t\t\t\t<\/div>\n\t\t\t\t<\/div>\n\t\t\t\t<div class=\"elementor-element elementor-element-e8f4484 elementor-widget elementor-widget-text-editor\" data-id=\"e8f4484\" data-element_type=\"widget\" data-e-type=\"widget\" data-widget_type=\"text-editor.default\">\n\t\t\t\t<div class=\"elementor-widget-container\">\n\t\t\t\t\t\t\t\t\tO apoio psicol\u00f3gico ou psiqui\u00e1trico pode ser uma parte importante do tratamento. Os familiares podem oferecer incentivo e acompanhamento, mas n\u00e3o devem assumir o papel dos profissionais especializados. \t\t\t\t\t\t\t\t<\/div>\n\t\t\t\t<\/div>\n\t\t\t\t<div class=\"elementor-element elementor-element-687af9d elementor-widget elementor-widget-heading\" data-id=\"687af9d\" data-element_type=\"widget\" data-e-type=\"widget\" data-widget_type=\"heading.default\">\n\t\t\t\t<div class=\"elementor-widget-container\">\n\t\t\t\t\t<h3 class=\"elementor-heading-title elementor-size-default\">Quando o apoio se torna um fardo<\/h3>\t\t\t\t<\/div>\n\t\t\t\t<\/div>\n\t\t\t\t<div class=\"elementor-element elementor-element-2b51129 elementor-widget elementor-widget-text-editor\" data-id=\"2b51129\" data-element_type=\"widget\" data-e-type=\"widget\" data-widget_type=\"text-editor.default\">\n\t\t\t\t<div class=\"elementor-widget-container\">\n\t\t\t\t\t\t\t\t\t<p class=\"isSelectedEnd\">Muitos familiares que prestam cuidados colocam suas pr\u00f3prias necessidades em segundo plano. No entanto, o sobrecarregamento prolongado e o estresse constante podem levar \u00e0 exaust\u00e3o. <\/p>\n<p class=\"isSelectedEnd\">Os sinais de alerta t\u00edpicos s\u00e3o:<\/p>\n<ul data-spread=\"false\">\n<li>cansa\u00e7o constante<\/li>\n<li>Problemas de sono<\/li>\n<li>Irritabilidade<\/li>\n<li>Afastamento da fam\u00edlia e dos amigos<\/li>\n<li>a sensa\u00e7\u00e3o de ter que estar sempre em a\u00e7\u00e3o<\/li>\n<\/ul>\n<p>\u00c9 importante perceber que cuidar de si mesmo n\u00e3o \u00e9 ego\u00edsmo. Quem cuida bem de si mesmo tamb\u00e9m pode estar presente para os outros a longo prazo. <\/p>\t\t\t\t\t\t\t\t<\/div>\n\t\t\t\t<\/div>\n\t\t\t\t<div class=\"elementor-element elementor-element-56bd0d2 elementor-widget elementor-widget-heading\" data-id=\"56bd0d2\" data-element_type=\"widget\" data-e-type=\"widget\" data-widget_type=\"heading.default\">\n\t\t\t\t<div class=\"elementor-widget-container\">\n\t\t\t\t\t<h3 class=\"elementor-heading-title elementor-size-default\">Aceitar ajuda faz parte de um bom cuidado<\/h3>\t\t\t\t<\/div>\n\t\t\t\t<\/div>\n\t\t\t\t<div class=\"elementor-element elementor-element-a00cb80 elementor-widget elementor-widget-text-editor\" data-id=\"a00cb80\" data-element_type=\"widget\" data-e-type=\"widget\" data-widget_type=\"text-editor.default\">\n\t\t\t\t<div class=\"elementor-widget-container\">\n\t\t\t\t\t\t\t\t\t<p>Ningu\u00e9m precisa arcar sozinho com essa responsabilidade. Aceitar ajuda n\u00e3o significa fazer menos por um ente querido. Pelo contr\u00e1rio: aliviar a carga proporciona espa\u00e7o, energia e seguran\u00e7a para todos os envolvidos.  <\/p>\t\t\t\t\t\t\t\t<\/div>\n\t\t\t\t<\/div>\n\t\t\t\t<div class=\"elementor-element elementor-element-75c3856 elementor-widget elementor-widget-heading\" data-id=\"75c3856\" data-element_type=\"widget\" data-e-type=\"widget\" data-widget_type=\"heading.default\">\n\t\t\t\t<div class=\"elementor-widget-container\">\n\t\t\t\t\t<h3 class=\"elementor-heading-title elementor-size-default\">Juntos, tornamos o dia a dia mais f\u00e1cil de lidar<\/h3>\t\t\t\t<\/div>\n\t\t\t\t<\/div>\n\t\t\t\t<div class=\"elementor-element elementor-element-fc49854 elementor-widget elementor-widget-text-editor\" data-id=\"fc49854\" data-element_type=\"widget\" data-e-type=\"widget\" data-widget_type=\"text-editor.default\">\n\t\t\t\t<div class=\"elementor-widget-container\">\n\t\t\t\t\t\t\t\t\tNa Sanvida, acompanhamos os familiares cuidadores com compreens\u00e3o, orienta\u00e7\u00e3o e apoio personalizado. Nosso objetivo \u00e9 aliviar a carga das fam\u00edlias e criar solu\u00e7\u00f5es duradouras para o dia a dia. \n\nAfinal, cuidar bem n\u00e3o significa fazer tudo sozinho, mas saber que h\u00e1 quem possa ajudar.\t\t\t\t\t\t\t\t<\/div>\n\t\t\t\t<\/div>\n\t\t\t\t<div class=\"elementor-element elementor-element-74f45a9 elementor-widget-divider--view-line elementor-widget elementor-widget-divider\" data-id=\"74f45a9\" data-element_type=\"widget\" data-e-type=\"widget\" data-widget_type=\"divider.default\">\n\t\t\t\t<div class=\"elementor-widget-container\">\n\t\t\t\t\t\t\t<div class=\"elementor-divider\">\n\t\t\t<span class=\"elementor-divider-separator\">\n\t\t\t\t\t\t<\/span>\n\t\t<\/div>\n\t\t\t\t\t\t<\/div>\n\t\t\t\t<\/div>\n\t\t\t\t<div class=\"elementor-element elementor-element-5c92f9e elementor-widget elementor-widget-heading\" data-id=\"5c92f9e\" data-element_type=\"widget\" data-e-type=\"widget\" data-widget_type=\"heading.default\">\n\t\t\t\t<div class=\"elementor-widget-container\">\n\t\t\t\t\t<h3 class=\"elementor-heading-title elementor-size-default\">Conclus\u00e3o<\/h3>\t\t\t\t<\/div>\n\t\t\t\t<\/div>\n\t\t\t\t<div class=\"elementor-element elementor-element-7f8b063 elementor-widget elementor-widget-text-editor\" data-id=\"7f8b063\" data-element_type=\"widget\" data-e-type=\"widget\" data-widget_type=\"text-editor.default\">\n\t\t\t\t<div class=\"elementor-widget-container\">\n\t\t\t\t\t\t\t\t\t<p>Um transtorno de ansiedade n\u00e3o afeta apenas a pessoa afetada, mas muitas vezes tamb\u00e9m todo o seu entorno. Os familiares podem ser um apoio valioso, mas n\u00e3o devem perder de vista seus pr\u00f3prios limites. <\/p><p>Compreens\u00e3o, paci\u00eancia e uma estrutura clara podem facilitar o dia a dia. \u00c9 igualmente importante aceitar ajuda no momento certo e n\u00e3o assumir sozinho toda a responsabilidade. <\/p><p>Afinal, cuidar bem n\u00e3o significa ter que fazer tudo sozinho, mas sim encontrar, em conjunto, solu\u00e7\u00f5es que sejam sustent\u00e1veis a longo prazo.<\/p>\t\t\t\t\t\t\t\t<\/div>\n\t\t\t\t<\/div>\n\t\t\t\t\t<\/div>\n\t\t\t\t<\/div>\n\t\t\t\t<\/div>\n\t\t","protected":false},"excerpt":{"rendered":"<p>Como os familiares podem apoiar pessoas com transtorno de ansiedade sem chegar ao limite? Descubra como a compreens\u00e3o, a organiza\u00e7\u00e3o e o apoio oportuno podem facilitar o dia a dia de todos os envolvidos. <\/p>\n","protected":false},"author":1,"featured_media":5947,"comment_status":"closed","ping_status":"closed","sticky":false,"template":"","format":"standard","meta":{"footnotes":""},"categories":[116],"tags":[],"class_list":["post-5959","post","type-post","status-publish","format-standard","has-post-thumbnail","hentry","category-cuidados-e-suporte"],"_links":{"self":[{"href":"https:\/\/sanvida.ch\/pt-br\/wp-json\/wp\/v2\/posts\/5959","targetHints":{"allow":["GET"]}}],"collection":[{"href":"https:\/\/sanvida.ch\/pt-br\/wp-json\/wp\/v2\/posts"}],"about":[{"href":"https:\/\/sanvida.ch\/pt-br\/wp-json\/wp\/v2\/types\/post"}],"author":[{"embeddable":true,"href":"https:\/\/sanvida.ch\/pt-br\/wp-json\/wp\/v2\/users\/1"}],"replies":[{"embeddable":true,"href":"https:\/\/sanvida.ch\/pt-br\/wp-json\/wp\/v2\/comments?post=5959"}],"version-history":[{"count":1,"href":"https:\/\/sanvida.ch\/pt-br\/wp-json\/wp\/v2\/posts\/5959\/revisions"}],"predecessor-version":[{"id":5960,"href":"https:\/\/sanvida.ch\/pt-br\/wp-json\/wp\/v2\/posts\/5959\/revisions\/5960"}],"wp:featuredmedia":[{"embeddable":true,"href":"https:\/\/sanvida.ch\/pt-br\/wp-json\/wp\/v2\/media\/5947"}],"wp:attachment":[{"href":"https:\/\/sanvida.ch\/pt-br\/wp-json\/wp\/v2\/media?parent=5959"}],"wp:term":[{"taxonomy":"category","embeddable":true,"href":"https:\/\/sanvida.ch\/pt-br\/wp-json\/wp\/v2\/categories?post=5959"},{"taxonomy":"post_tag","embeddable":true,"href":"https:\/\/sanvida.ch\/pt-br\/wp-json\/wp\/v2\/tags?post=5959"}],"curies":[{"name":"wp","href":"https:\/\/api.w.org\/{rel}","templated":true}]}}