{"id":3544,"date":"2025-01-20T11:11:36","date_gmt":"2025-01-20T10:11:36","guid":{"rendered":"https:\/\/sanvida.ch\/bakima-muhtac-ebeveynler-evi-olmayanlara-destek\/"},"modified":"2025-04-07T16:51:28","modified_gmt":"2025-04-07T14:51:28","slug":"bakima-muhtac-ebeveynler-evi-olmayanlara-destek","status":"publish","type":"post","link":"https:\/\/sanvida.ch\/tr\/bakima-muhtac-ebeveynler-evi-olmayanlara-destek\/","title":{"rendered":"Bak\u0131ma muhta\u00e7 ebeveynler: evi olmayanlara destek"},"content":{"rendered":"\t\t<div data-elementor-type=\"wp-post\" data-elementor-id=\"3544\" class=\"elementor elementor-3544 elementor-828\" data-elementor-post-type=\"post\">\n\t\t\t\t<div class=\"elementor-element elementor-element-8f77480 e-flex e-con-boxed e-con e-parent\" data-id=\"8f77480\" data-element_type=\"container\" data-e-type=\"container\">\n\t\t\t\t\t<div class=\"e-con-inner\">\n\t\t\t\t<div class=\"elementor-element elementor-element-587990f elementor-widget elementor-widget-text-editor\" data-id=\"587990f\" data-element_type=\"widget\" data-e-type=\"widget\" data-widget_type=\"text-editor.default\">\n\t\t\t\t<div class=\"elementor-widget-container\">\n\t\t\t\t\t\t\t\t\t<p>Bir\u00e7ok ya\u015fl\u0131 insan, bak\u0131ma muhta\u00e7 olsalar bile bir evde ya\u015famak istemez. Duygusal ba\u011fl\u0131l\u0131k, yaln\u0131zl\u0131k korkusu ve \u00f6zerklik arzusu temel nedenlerdir. Akrabalar genellikle bu istekleri kendi imkanlar\u0131yla uyumlu hale getirme zorlu\u011fuyla kar\u015f\u0131 kar\u015f\u0131yad\u0131r.  <\/p>\t\t\t\t\t\t\t\t<\/div>\n\t\t\t\t<\/div>\n\t\t\t\t<div class=\"elementor-element elementor-element-fe14cb2 elementor-widget elementor-widget-heading\" data-id=\"fe14cb2\" data-element_type=\"widget\" data-e-type=\"widget\" data-widget_type=\"heading.default\">\n\t\t\t\t<div class=\"elementor-widget-container\">\n\t\t\t\t\t<h3 class=\"elementor-heading-title elementor-size-default\">Ebeveynlerin bak\u0131m evine gitmek istememesinin nedenleri<\/h3>\t\t\t\t<\/div>\n\t\t\t\t<\/div>\n\t\t\t\t<div class=\"elementor-element elementor-element-6ec1cf4 elementor-widget elementor-widget-text-editor\" data-id=\"6ec1cf4\" data-element_type=\"widget\" data-e-type=\"widget\" data-widget_type=\"text-editor.default\">\n\t\t\t\t<div class=\"elementor-widget-container\">\n\t\t\t\t\t\t\t\t\t<table><thead><tr><th><strong>Nedenler<\/strong><\/th><th><strong>A\u00e7\u0131klama<\/strong><\/th><\/tr><\/thead><tbody><tr><td>Duygusal ba\u011fl\u0131l\u0131k<\/td><td>Tan\u0131d\u0131k bir ortam g\u00fcvenlik ve aidiyet duygusu sunar.<\/td><\/tr><tr><td>Yaln\u0131zl\u0131k korkusu<\/td><td>Evdeki aile ve kom\u015fularla temas\u0131 kaybetme endi\u015fesi.<\/td><\/tr><tr><td>Ba\u011f\u0131ms\u0131zl\u0131k kayb\u0131<\/td><td>Kendi hayat\u0131n\u0131z \u00fczerindeki kontrol\u00fcn\u00fcz\u00fc kaybetme hissi.<\/td><\/tr><tr><td>Damgalama<\/td><td>Bak\u0131m evlerinin olumsuz alg\u0131lanmas\u0131 ve &#8220;s\u0131n\u0131r d\u0131\u015f\u0131 edilme&#8221; korkusu.<\/td><\/tr><\/tbody><\/table>\t\t\t\t\t\t\t\t<\/div>\n\t\t\t\t<\/div>\n\t\t\t\t<div class=\"elementor-element elementor-element-c3c39e1 elementor-widget elementor-widget-heading\" data-id=\"c3c39e1\" data-element_type=\"widget\" data-e-type=\"widget\" data-widget_type=\"heading.default\">\n\t\t\t\t<div class=\"elementor-widget-container\">\n\t\t\t\t\t<h3 class=\"elementor-heading-title elementor-size-default\">Evde bak\u0131m i\u00e7in \u00e7\u00f6z\u00fcmler<\/h3>\t\t\t\t<\/div>\n\t\t\t\t<\/div>\n\t\t\t\t<div class=\"elementor-element elementor-element-f8efb2e elementor-widget elementor-widget-text-editor\" data-id=\"f8efb2e\" data-element_type=\"widget\" data-e-type=\"widget\" data-widget_type=\"text-editor.default\">\n\t\t\t\t<div class=\"elementor-widget-container\">\n\t\t\t\t\t\t\t\t\t<p>Ayakta bak\u0131m hizmetleri, g\u00fcnd\u00fcz bak\u0131m\u0131 veya ya\u015fa uygun d\u00f6n\u00fc\u015f\u00fcmler gibi destek hizmetleri, evde bak\u0131m arzusunu ger\u00e7e\u011fe d\u00f6n\u00fc\u015ft\u00fcrebilir. Herkesin ihtiya\u00e7lar\u0131n\u0131 g\u00f6z \u00f6n\u00fcnde bulundurmak i\u00e7in aile i\u00e7inde a\u00e7\u0131k bir diyalog \u015fartt\u0131r. <\/p><p>Evde bak\u0131m ile bak\u0131m evi aras\u0131ndaki karar ki\u015fiye \u00f6zeldir. Dikkatli bir planlama ve destekle evde onurlu bir \u015fekilde ya\u015flanmak m\u00fcmk\u00fcnd\u00fcr. <\/p>\t\t\t\t\t\t\t\t<\/div>\n\t\t\t\t<\/div>\n\t\t\t\t<div class=\"elementor-element elementor-element-442d3f8 elementor-widget elementor-widget-heading\" data-id=\"442d3f8\" data-element_type=\"widget\" data-e-type=\"widget\" data-widget_type=\"heading.default\">\n\t\t\t\t<div class=\"elementor-widget-container\">\n\t\t\t\t\t<h3 class=\"elementor-heading-title elementor-size-default\">Evde bak\u0131ma kar\u015f\u0131 huzurevi<\/h3>\t\t\t\t<\/div>\n\t\t\t\t<\/div>\n\t\t\t\t<div class=\"elementor-element elementor-element-6fb50ea elementor-widget elementor-widget-text-editor\" data-id=\"6fb50ea\" data-element_type=\"widget\" data-e-type=\"widget\" data-widget_type=\"text-editor.default\">\n\t\t\t\t<div class=\"elementor-widget-container\">\n\t\t\t\t\t\t\t\t\t<table><thead><tr><th><strong>Aspect<\/strong><\/th><th><strong>Evde bak\u0131m<\/strong><\/th><th><strong>Huzurevi<\/strong><\/th><\/tr><\/thead><tbody><tr><td><strong>Maliyetler<\/strong><\/td><td>Deste\u011fe ba\u011fl\u0131 olarak \u00e7ok farkl\u0131.<\/td><td>Sabit maliyetler, genellikle k\u0131smen kar\u015f\u0131lan\u0131r.<\/td><\/tr><tr><td><strong>Sosyal \u00e7evre<\/strong><\/td><td>Aile yak\u0131n kal\u0131r, ancak a\u015f\u0131r\u0131 y\u00fcklenebilir.<\/td><td>Sakinlerle temas, daha az mahremiyet.<\/td><\/tr><tr><td><strong>Bak\u0131m kalitesi<\/strong><\/td><td>Yard\u0131m organizasyonuna ba\u011fl\u0131 olarak de\u011fi\u015fir.<\/td><td>G\u00fcn\u00fcn her saati profesyonel bak\u0131m.<\/td><\/tr><tr><td><strong>Esneklik<\/strong><\/td><td>\u0130steklere g\u00f6re uyarlama m\u00fcmk\u00fcn.<\/td><td>Ev yap\u0131lar\u0131 arac\u0131l\u0131\u011f\u0131yla \u00f6zellikler.<\/td><\/tr><\/tbody><\/table>\t\t\t\t\t\t\t\t<\/div>\n\t\t\t\t<\/div>\n\t\t\t\t<div class=\"elementor-element elementor-element-b5318bc elementor-widget elementor-widget-heading\" data-id=\"b5318bc\" data-element_type=\"widget\" data-e-type=\"widget\" data-widget_type=\"heading.default\">\n\t\t\t\t<div class=\"elementor-widget-container\">\n\t\t\t\t\t<h3 class=\"elementor-heading-title elementor-size-default\">Evde bak\u0131m i\u00e7in pratik yakla\u015f\u0131mlar<\/h3>\t\t\t\t<\/div>\n\t\t\t\t<\/div>\n\t\t\t\t<div class=\"elementor-element elementor-element-755b421 elementor-widget elementor-widget-text-editor\" data-id=\"755b421\" data-element_type=\"widget\" data-e-type=\"widget\" data-widget_type=\"text-editor.default\">\n\t\t\t\t<div class=\"elementor-widget-container\">\n\t\t\t\t\t\t\t\t\t<ul><li><strong>Ayakta bak\u0131m hizmetleri:<\/strong> ki\u015fisel hijyen, ila\u00e7 veya ev i\u015fleri konusunda destek.<\/li><li><strong>G\u00fcnd\u00fcz bak\u0131m\u0131:<\/strong> Akrabalar\u0131 rahatlatmak i\u00e7in g\u00fcn boyunca bak\u0131m.<\/li><li><strong>Ev uyarlamalar\u0131:<\/strong> Daha fazla g\u00fcvenlik i\u00e7in engelsiz d\u00f6n\u00fc\u015f\u00fcmler.<\/li><li><strong>Bak\u0131m dan\u0131\u015fmanl\u0131\u011f\u0131:<\/strong> Organizasyon ve finansman konusunda profesyonel dan\u0131\u015fmanl\u0131k.<br><br><\/li><\/ul><p>Herkesin ihtiya\u00e7lar\u0131n\u0131 dikkate almak i\u00e7in a\u00e7\u0131k ileti\u015fim \u00e7ok \u00f6nemlidir. Bak\u0131m paras\u0131 veya ayni yard\u0131mlar gibi mali yard\u0131mlar ek bir rahatlama sa\u011flayabilir. <\/p><p>Net bir planlama ve <strong>Sanvida<\/strong> taraf\u0131ndan sunulanlar gibi do\u011fru hizmetlerle, evde ya\u015famak \u00e7o\u011fu zaman ger\u00e7ekle\u015ftirilebilir.<\/p>\t\t\t\t\t\t\t\t<\/div>\n\t\t\t\t<\/div>\n\t\t\t\t\t<\/div>\n\t\t\t\t<\/div>\n\t\t\t\t<\/div>\n\t\t","protected":false},"excerpt":{"rendered":"<p>Bir\u00e7ok ya\u015fl\u0131 insan, bak\u0131ma muhta\u00e7 olsalar bile bir evde ya\u015famak istemez. Duygusal ba\u011fl\u0131l\u0131k, yaln\u0131zl\u0131k korkusu ve \u00f6zerklik arzusu temel nedenlerdir. Akrabalar genellikle bu istekleri kendi imkanlar\u0131yla uyumlu hale getirme zorlu\u011fuyla kar\u015f\u0131 kar\u015f\u0131yad\u0131r. Ebeveynlerin bak\u0131m evine gitmek istememesinin nedenleri Nedenler A\u00e7\u0131klama Duygusal ba\u011fl\u0131l\u0131k Tan\u0131d\u0131k bir ortam g\u00fcvenlik ve aidiyet duygusu sunar. Yaln\u0131zl\u0131k korkusu Evdeki aile ve [&hellip;]<\/p>\n","protected":false},"author":1,"featured_media":3387,"comment_status":"closed","ping_status":"closed","sticky":false,"template":"","format":"standard","meta":{"footnotes":""},"categories":[132],"tags":[154,153,139,152,155,156,157],"class_list":["post-3544","post","type-post","status-publish","format-standard","has-post-thumbnail","hentry","category-bakim-ve-destek","tag-ayakta-bakim-hizmetleri","tag-bakima-muhtac-ebeveynler","tag-evde-bakim","tag-evde-bakim-tr","tag-guenluek-bakim","tag-huzurevi","tag-sosyal-destek"],"_links":{"self":[{"href":"https:\/\/sanvida.ch\/tr\/wp-json\/wp\/v2\/posts\/3544","targetHints":{"allow":["GET"]}}],"collection":[{"href":"https:\/\/sanvida.ch\/tr\/wp-json\/wp\/v2\/posts"}],"about":[{"href":"https:\/\/sanvida.ch\/tr\/wp-json\/wp\/v2\/types\/post"}],"author":[{"embeddable":true,"href":"https:\/\/sanvida.ch\/tr\/wp-json\/wp\/v2\/users\/1"}],"replies":[{"embeddable":true,"href":"https:\/\/sanvida.ch\/tr\/wp-json\/wp\/v2\/comments?post=3544"}],"version-history":[{"count":3,"href":"https:\/\/sanvida.ch\/tr\/wp-json\/wp\/v2\/posts\/3544\/revisions"}],"predecessor-version":[{"id":3548,"href":"https:\/\/sanvida.ch\/tr\/wp-json\/wp\/v2\/posts\/3544\/revisions\/3548"}],"wp:featuredmedia":[{"embeddable":true,"href":"https:\/\/sanvida.ch\/tr\/wp-json\/wp\/v2\/media\/3387"}],"wp:attachment":[{"href":"https:\/\/sanvida.ch\/tr\/wp-json\/wp\/v2\/media?parent=3544"}],"wp:term":[{"taxonomy":"category","embeddable":true,"href":"https:\/\/sanvida.ch\/tr\/wp-json\/wp\/v2\/categories?post=3544"},{"taxonomy":"post_tag","embeddable":true,"href":"https:\/\/sanvida.ch\/tr\/wp-json\/wp\/v2\/tags?post=3544"}],"curies":[{"name":"wp","href":"https:\/\/api.w.org\/{rel}","templated":true}]}}