{"id":5376,"date":"2026-04-07T13:04:57","date_gmt":"2026-04-07T11:04:57","guid":{"rendered":"https:\/\/sanvida.ch\/guenluek-bakim-duezen-netlik-ve-gercek-bir-rahatlama\/"},"modified":"2026-04-07T14:28:27","modified_gmt":"2026-04-07T12:28:27","slug":"guenluek-bakim-duezen-netlik-ve-gercek-bir-rahatlama","status":"publish","type":"post","link":"https:\/\/sanvida.ch\/tr\/guenluek-bakim-duezen-netlik-ve-gercek-bir-rahatlama\/","title":{"rendered":"G\u00fcnl\u00fck bak\u0131m: D\u00fczen, netlik ve ger\u00e7ek bir rahatlama"},"content":{"rendered":"\t\t<div data-elementor-type=\"wp-post\" data-elementor-id=\"5376\" class=\"elementor elementor-5376 elementor-5340\" data-elementor-post-type=\"post\">\n\t\t\t\t<div class=\"elementor-element elementor-element-fd58b5f e-flex e-con-boxed e-con e-parent\" data-id=\"fd58b5f\" data-element_type=\"container\" data-e-type=\"container\">\n\t\t\t\t\t<div class=\"e-con-inner\">\n\t\t\t\t<div class=\"elementor-element elementor-element-133b13f elementor-widget elementor-widget-text-editor\" data-id=\"133b13f\" data-element_type=\"widget\" data-e-type=\"widget\" data-widget_type=\"text-editor.default\">\n\t\t\t\t<div class=\"elementor-widget-container\">\n\t\t\t\t\t\t\t\t\tBir yak\u0131n\u0131n bak\u0131m\u0131, g\u00fcnl\u00fck hayat\u0131 genellikle tamamen alt\u00fcst eder. Eskiden do\u011fal kabul edilen \u015feyler, birdenbire g\u00fcnl\u00fck bir zorluk haline gelir. Kararlar h\u0131zl\u0131 bir \u015fekilde al\u0131nmal\u0131d\u0131r, organizasyonel g\u00f6revler artar ve ayn\u0131 zamanda kendinize ay\u0131racak zaman neredeyse kalmaz.  \t\t\t\t\t\t\t\t<\/div>\n\t\t\t\t<\/div>\n\t\t\t\t<div class=\"elementor-element elementor-element-d7798f2 elementor-widget elementor-widget-heading\" data-id=\"d7798f2\" data-element_type=\"widget\" data-e-type=\"widget\" data-widget_type=\"heading.default\">\n\t\t\t\t<div class=\"elementor-widget-container\">\n\t\t\t\t\t<h3 class=\"elementor-heading-title elementor-size-default\">Bak\u0131m, her g\u00fcn yeni sorular getirir.<\/h3>\t\t\t\t<\/div>\n\t\t\t\t<\/div>\n\t\t\t\t<div class=\"elementor-element elementor-element-97828c9 elementor-widget elementor-widget-text-editor\" data-id=\"97828c9\" data-element_type=\"widget\" data-e-type=\"widget\" data-widget_type=\"text-editor.default\">\n\t\t\t\t<div class=\"elementor-widget-container\">\n\t\t\t\t\t\t\t\t\tOrganizasyon, beklentiler ve sorumluluklar ayn\u0131 anda bir araya gelir. Net bir yap\u0131 olmadan, k\u0131sa s\u00fcrede a\u015f\u0131r\u0131 y\u00fcklenme ortaya \u00e7\u0131kar. \t\t\t\t\t\t\t\t<\/div>\n\t\t\t\t<\/div>\n\t\t\t\t<div class=\"elementor-element elementor-element-38f7cc4 elementor-widget elementor-widget-heading\" data-id=\"38f7cc4\" data-element_type=\"widget\" data-e-type=\"widget\" data-widget_type=\"heading.default\">\n\t\t\t\t<div class=\"elementor-widget-container\">\n\t\t\t\t\t<h3 class=\"elementor-heading-title elementor-size-default\">Bak\u0131m neden bu kadar \u00e7abuk karma\u015f\u0131k hale geliyor?<\/h3>\t\t\t\t<\/div>\n\t\t\t\t<\/div>\n\t\t\t\t<div class=\"elementor-element elementor-element-157a3a4 elementor-widget elementor-widget-text-editor\" data-id=\"157a3a4\" data-element_type=\"widget\" data-e-type=\"widget\" data-widget_type=\"text-editor.default\">\n\t\t\t\t<div class=\"elementor-widget-container\">\n\t\t\t\t\t\t\t\t\t<p data-start=\"665\" data-end=\"723\">Bir\u00e7ok hasta bak\u0131m\u0131 yapan aile \u00fcyesi benzer sorunlarla kar\u015f\u0131 kar\u015f\u0131yad\u0131r:<\/p>\n<ul data-start=\"725\" data-end=\"916\">\n<li data-section-id=\"x1dinm\" data-start=\"725\" data-end=\"752\">Belirsiz yetki alanlar\u0131<\/li>\n<li data-section-id=\"j1s534\" data-start=\"753\" data-end=\"808\">Hizmetler ve haklarla ilgili eksik bilgiler<\/li>\n<li data-section-id=\"5p8rzq\" data-start=\"809\" data-end=\"832\">G\u00fcnl\u00fck ya\u015famda zaman bask\u0131s\u0131<\/li>\n<li data-section-id=\"17s1rd6\" data-start=\"833\" data-end=\"857\">Duygusal y\u00fck<\/li>\n<li data-section-id=\"zijexa\" data-start=\"858\" data-end=\"916\">Randevular\u0131n ve deste\u011fin koordinasyonunda ya\u015fanan zorluklar<\/li>\n<\/ul>\n<p data-start=\"918\" data-end=\"1015\">Bu fakt\u00f6rler, bak\u0131m\u0131n sadece fiziksel de\u011fil, zihinsel olarak da yorucu hale gelmesine neden olmaktad\u0131r.<\/p>\t\t\t\t\t\t\t\t<\/div>\n\t\t\t\t<\/div>\n\t\t\t\t<div class=\"elementor-element elementor-element-687af9d elementor-widget elementor-widget-heading\" data-id=\"687af9d\" data-element_type=\"widget\" data-e-type=\"widget\" data-widget_type=\"heading.default\">\n\t\t\t\t<div class=\"elementor-widget-container\">\n\t\t\t\t\t<h3 class=\"elementor-heading-title elementor-size-default\">Yap\u0131, rahatlama sa\u011flar<\/h3>\t\t\t\t<\/div>\n\t\t\t\t<\/div>\n\t\t\t\t<div class=\"elementor-element elementor-element-1af73ed elementor-widget elementor-widget-text-editor\" data-id=\"1af73ed\" data-element_type=\"widget\" data-e-type=\"widget\" data-widget_type=\"text-editor.default\">\n\t\t\t\t<div class=\"elementor-widget-container\">\n\t\t\t\t\t\t\t\t\t<p data-start=\"1050\" data-end=\"1233\">En \u00f6nemli fark, netlikte yatmaktad\u0131r.<br data-start=\"1102\" data-end=\"1105\">Hangi ad\u0131mlar\u0131n gerekli oldu\u011funu ve hangi imk\u00e2nlar\u0131n mevcut oldu\u011funu bilen ki\u015fi, sadece tepki vermek yerine bak\u0131m\u0131 aktif olarak \u015fekillendirebilir.<\/p>\n<p data-start=\"1235\" data-end=\"1270\">\u0130yi bir organizasyon bu konuda yard\u0131mc\u0131 olur:<\/p>\n<ul data-start=\"1272\" data-end=\"1431\">\n<li data-section-id=\"1975fz4\" data-start=\"1272\" data-end=\"1309\">G\u00f6revleri mant\u0131kl\u0131 bir \u015fekilde \u00f6ncelik s\u0131ras\u0131na koymak<\/li>\n<li data-section-id=\"lmv52\" data-start=\"1310\" data-end=\"1354\">Destek hizmetlerinden hedef odakl\u0131 bir \u015fekilde yararlanmak<\/li>\n<li data-section-id=\"1y4lej8\" data-start=\"1355\" data-end=\"1385\">Zaman\u0131 verimli kullanmak<\/li>\n<li data-section-id=\"mdyd68\" data-start=\"1386\" data-end=\"1431\">Karar verirken g\u00fcven kazanmak<\/li>\n<\/ul>\n<p data-start=\"1433\" data-end=\"1487\">B\u00f6ylece bak\u0131m daha planl\u0131 hale gelir ve uzun vadede s\u00fcrd\u00fcr\u00fclebilir olur.<\/p>\t\t\t\t\t\t\t\t<\/div>\n\t\t\t\t<\/div>\n\t\t\t\t<div class=\"elementor-element elementor-element-56bd0d2 elementor-widget elementor-widget-heading\" data-id=\"56bd0d2\" data-element_type=\"widget\" data-e-type=\"widget\" data-widget_type=\"heading.default\">\n\t\t\t\t<div class=\"elementor-widget-container\">\n\t\t\t\t\t<h3 class=\"elementor-heading-title elementor-size-default\">A\u015f\u0131r\u0131 y\u00fck yerine \u00e7\u00f6z\u00fcmler<\/h3>\t\t\t\t<\/div>\n\t\t\t\t<\/div>\n\t\t\t\t<div class=\"elementor-element elementor-element-a00cb80 elementor-widget elementor-widget-text-editor\" data-id=\"a00cb80\" data-element_type=\"widget\" data-e-type=\"widget\" data-widget_type=\"text-editor.default\">\n\t\t\t\t<div class=\"elementor-widget-container\">\n\t\t\t\t\t\t\t\t\t<p data-start=\"1523\" data-end=\"1688\">Bir\u00e7ok zorluk, \u00e7\u00f6z\u00fcmlerin olmamas\u0131 nedeniyle de\u011fil, \u00e7\u00f6z\u00fcmlerin g\u00f6r\u00fcn\u00fcr veya anla\u015f\u0131l\u0131r olmamas\u0131 nedeniyle ortaya \u00e7\u0131kar. \u0130\u015fte tam da bu noktada yap\u0131land\u0131r\u0131lm\u0131\u015f bir yakla\u015f\u0131m devreye girer. <\/p>\n<p data-start=\"1690\" data-end=\"1747\">Do\u011fru ara\u00e7lar ve net s\u00fcre\u00e7ler sayesinde \u015funlar ger\u00e7ekle\u015ftirilebilir:<\/p>\n<ul data-start=\"1749\" data-end=\"1894\">\n<li data-section-id=\"hkbd7w\" data-start=\"1749\" data-end=\"1779\">Bak\u0131m s\u00fcre\u00e7lerini basitle\u015ftirmek<\/li>\n<li data-section-id=\"1e77z0g\" data-start=\"1780\" data-end=\"1818\">\u0130dari i\u015f y\u00fck\u00fcn\u00fc azaltmak<\/li>\n<li data-section-id=\"ehmgt3\" data-start=\"1819\" data-end=\"1852\">Bilgi eksikliklerini gidermek<\/li>\n<li data-section-id=\"1s29u2k\" data-start=\"1853\" data-end=\"1894\">Konkrete Handlungsschritte definieren<\/li>\n<\/ul>\n<p data-start=\"1896\" data-end=\"1996\">Ama\u00e7 m\u00fckemmellik de\u011fil, g\u00fcnl\u00fck ya\u015fam i\u00e7in i\u015flevsel ve ger\u00e7ek\u00e7i bir \u00e7\u00f6z\u00fcmd\u00fcr.<\/p>\t\t\t\t\t\t\t\t<\/div>\n\t\t\t\t<\/div>\n\t\t\t\t<div class=\"elementor-element elementor-element-027c0f4 elementor-widget elementor-widget-heading\" data-id=\"027c0f4\" data-element_type=\"widget\" data-e-type=\"widget\" data-widget_type=\"heading.default\">\n\t\t\t\t<div class=\"elementor-widget-container\">\n\t\t\t\t\t<h3 class=\"elementor-heading-title elementor-size-default\">Sanvida nas\u0131l destek oluyor?<\/h3>\t\t\t\t<\/div>\n\t\t\t\t<\/div>\n\t\t\t\t<div class=\"elementor-element elementor-element-1ae693d elementor-widget elementor-widget-text-editor\" data-id=\"1ae693d\" data-element_type=\"widget\" data-e-type=\"widget\" data-widget_type=\"text-editor.default\">\n\t\t\t\t<div class=\"elementor-widget-container\">\n\t\t\t\t\t\t\t\t\t<p data-start=\"2027\" data-end=\"2205\">Sanvida, hasta bak\u0131m\u0131 yapan aile \u00fcyelerine karma\u015f\u0131k durumlar\u0131 d\u00fczene sokma konusunda destek olur. Odak noktas\u0131, teorik kavramlardan ziyade pratik ve uygulanabilir \u00e7\u00f6z\u00fcmlerdir. <\/p>\n<p data-start=\"2207\" data-end=\"2234\">Bu konuda \u00f6zellikle \u015funlar s\u00f6z konusudur:<\/p>\n<ul data-start=\"2236\" data-end=\"2422\">\n<li data-section-id=\"1ikfnpt\" data-start=\"2236\" data-end=\"2284\">Mevcut durumun bireysel analizi<\/li>\n<li data-section-id=\"1rukd7u\" data-start=\"2285\" data-end=\"2329\">Sonraki ad\u0131mlar i\u00e7in net bir yap\u0131<\/li>\n<li data-section-id=\"1gt1il1\" data-start=\"2330\" data-end=\"2376\">Organizasyon ve planlama konusunda destek<\/li>\n<li data-section-id=\"88z4sz\" data-start=\"2377\" data-end=\"2422\">Sistem ve haklar konusunda y\u00f6nlendirme<\/li>\n<\/ul>\n<p data-start=\"2424\" data-end=\"2496\">B\u00f6ylece g\u00fcnl\u00fck ya\u015famda ad\u0131m ad\u0131m daha fazla netlik ve g\u00fcven sa\u011flan\u0131r.<\/p>\t\t\t\t\t\t\t\t<\/div>\n\t\t\t\t<\/div>\n\t\t\t\t<div class=\"elementor-element elementor-element-74f45a9 elementor-widget-divider--view-line elementor-widget elementor-widget-divider\" data-id=\"74f45a9\" data-element_type=\"widget\" data-e-type=\"widget\" data-widget_type=\"divider.default\">\n\t\t\t\t<div class=\"elementor-widget-container\">\n\t\t\t\t\t\t\t<div class=\"elementor-divider\">\n\t\t\t<span class=\"elementor-divider-separator\">\n\t\t\t\t\t\t<\/span>\n\t\t<\/div>\n\t\t\t\t\t\t<\/div>\n\t\t\t\t<\/div>\n\t\t\t\t<div class=\"elementor-element elementor-element-5c92f9e elementor-widget elementor-widget-heading\" data-id=\"5c92f9e\" data-element_type=\"widget\" data-e-type=\"widget\" data-widget_type=\"heading.default\">\n\t\t\t\t<div class=\"elementor-widget-container\">\n\t\t\t\t\t<h3 class=\"elementor-heading-title elementor-size-default\">Fazit<\/h3>\t\t\t\t<\/div>\n\t\t\t\t<\/div>\n\t\t\t\t<div class=\"elementor-element elementor-element-7f8b063 elementor-widget elementor-widget-text-editor\" data-id=\"7f8b063\" data-element_type=\"widget\" data-e-type=\"widget\" data-widget_type=\"text-editor.default\">\n\t\t\t\t<div class=\"elementor-widget-container\">\n\t\t\t\t\t\t\t\t\t<p>Bak\u0131m, kaotik ve bunalt\u0131c\u0131 olmak zorunda de\u011fildir. Do\u011fru bir yap\u0131, net bilgiler ve hedef odakl\u0131 destekle, bak\u0131m planlanabilir ve \u00fcstesinden gelinebilir hale gelir. <\/p>\n<p>Kendi durumunu d\u00fczenlemeye erken ba\u015flayan ki\u015fi, hem kendi y\u00fck\u00fcn\u00fc hafifletir hem de bak\u0131m\u0131 \u00fcstlendi\u011fi ki\u015fi i\u00e7in daha iyi bir zemin haz\u0131rlar.<\/p>\t\t\t\t\t\t\t\t<\/div>\n\t\t\t\t<\/div>\n\t\t\t\t\t<\/div>\n\t\t\t\t<\/div>\n\t\t\t\t<\/div>\n\t\t","protected":false},"excerpt":{"rendered":"<p>G\u00fcnl\u00fck bak\u0131m, k\u0131sa s\u00fcrede karma\u015f\u0131k bir hal alabilir. Net bir yap\u0131, do\u011fru bilgiler ve amaca y\u00f6nelik \u00e7\u00f6z\u00fcmler sayesinde, bak\u0131m veren aile \u00fcyeleri i\u00e7in planlanabilir, anla\u015f\u0131l\u0131r ve uzun vadede s\u00fcrd\u00fcr\u00fclebilir hale gelir. <\/p>\n","protected":false},"author":1,"featured_media":5367,"comment_status":"closed","ping_status":"closed","sticky":false,"template":"","format":"standard","meta":{"footnotes":""},"categories":[132],"tags":[],"class_list":["post-5376","post","type-post","status-publish","format-standard","has-post-thumbnail","hentry","category-bakim-ve-destek"],"_links":{"self":[{"href":"https:\/\/sanvida.ch\/tr\/wp-json\/wp\/v2\/posts\/5376","targetHints":{"allow":["GET"]}}],"collection":[{"href":"https:\/\/sanvida.ch\/tr\/wp-json\/wp\/v2\/posts"}],"about":[{"href":"https:\/\/sanvida.ch\/tr\/wp-json\/wp\/v2\/types\/post"}],"author":[{"embeddable":true,"href":"https:\/\/sanvida.ch\/tr\/wp-json\/wp\/v2\/users\/1"}],"replies":[{"embeddable":true,"href":"https:\/\/sanvida.ch\/tr\/wp-json\/wp\/v2\/comments?post=5376"}],"version-history":[{"count":1,"href":"https:\/\/sanvida.ch\/tr\/wp-json\/wp\/v2\/posts\/5376\/revisions"}],"predecessor-version":[{"id":5377,"href":"https:\/\/sanvida.ch\/tr\/wp-json\/wp\/v2\/posts\/5376\/revisions\/5377"}],"wp:featuredmedia":[{"embeddable":true,"href":"https:\/\/sanvida.ch\/tr\/wp-json\/wp\/v2\/media\/5367"}],"wp:attachment":[{"href":"https:\/\/sanvida.ch\/tr\/wp-json\/wp\/v2\/media?parent=5376"}],"wp:term":[{"taxonomy":"category","embeddable":true,"href":"https:\/\/sanvida.ch\/tr\/wp-json\/wp\/v2\/categories?post=5376"},{"taxonomy":"post_tag","embeddable":true,"href":"https:\/\/sanvida.ch\/tr\/wp-json\/wp\/v2\/tags?post=5376"}],"curies":[{"name":"wp","href":"https:\/\/api.w.org\/{rel}","templated":true}]}}