{"id":5430,"date":"2026-04-15T10:49:14","date_gmt":"2026-04-15T08:49:14","guid":{"rendered":"https:\/\/sanvida.ch\/bakim-dengeli-olmalidir-guenluek-yasamda-insanlik-ve-duezen\/"},"modified":"2026-04-15T14:06:30","modified_gmt":"2026-04-15T12:06:30","slug":"bakim-dengeli-olmalidir-guenluek-yasamda-insanlik-ve-duezen","status":"publish","type":"post","link":"https:\/\/sanvida.ch\/tr\/bakim-dengeli-olmalidir-guenluek-yasamda-insanlik-ve-duezen\/","title":{"rendered":"Bak\u0131m dengeli olmal\u0131d\u0131r: G\u00fcnl\u00fck ya\u015famda insanl\u0131k ve d\u00fczen"},"content":{"rendered":"\t\t<div data-elementor-type=\"wp-post\" data-elementor-id=\"5430\" class=\"elementor elementor-5430 elementor-5386\" data-elementor-post-type=\"post\">\n\t\t\t\t<div class=\"elementor-element elementor-element-fd58b5f e-flex e-con-boxed e-con e-parent\" data-id=\"fd58b5f\" data-element_type=\"container\" data-e-type=\"container\">\n\t\t\t\t\t<div class=\"e-con-inner\">\n\t\t\t\t<div class=\"elementor-element elementor-element-133b13f elementor-widget elementor-widget-text-editor\" data-id=\"133b13f\" data-element_type=\"widget\" data-e-type=\"widget\" data-widget_type=\"text-editor.default\">\n\t\t\t\t<div class=\"elementor-widget-container\">\n\t\t\t\t\t\t\t\t\t<p><strong>Bak\u0131m her zaman insandan ba\u015flar.<\/strong><br>Bak\u0131m, yak\u0131nl\u0131k, g\u00fcven ve birine destek olma arzusundan do\u011far. \u00d6zellikle bak\u0131m veren aile \u00fcyeleri i\u00e7in bu duygusal ba\u011f en \u00f6nemli itici g\u00fc\u00e7t\u00fcr. Bu ba\u011f, g\u00fc\u00e7, y\u00f6n ve anlam verir.  <\/p><p>Ancak as\u0131l zorluk da tam burada yat\u0131yor: Bak\u0131m sadece bir ili\u015fki de\u011fil, ayn\u0131 zamanda bir organizasyon meselesidir. Randevular, de\u011ferlendirmeler, talepler, s\u00fcre\u00e7ler \u2013 t\u00fcm bunlar ki\u015fileraras\u0131 ili\u015fkilerle paralel olarak y\u00fcr\u00fcr. Ve bu iki d\u00fcnya birbiriyle uyu\u015fmad\u0131\u011f\u0131nda, bak\u0131m h\u0131zla kal\u0131c\u0131 bir y\u00fck haline gelir.  <\/p>\t\t\t\t\t\t\t\t<\/div>\n\t\t\t\t<\/div>\n\t\t\t\t<div class=\"elementor-element elementor-element-d7798f2 elementor-widget elementor-widget-heading\" data-id=\"d7798f2\" data-element_type=\"widget\" data-e-type=\"widget\" data-widget_type=\"heading.default\">\n\t\t\t\t<div class=\"elementor-widget-container\">\n\t\t\t\t\t<h3 class=\"elementor-heading-title elementor-size-default\">Duygularla g\u00fcndelik hayat\u0131n kesi\u015fti\u011fi an<\/h3>\t\t\t\t<\/div>\n\t\t\t\t<\/div>\n\t\t\t\t<div class=\"elementor-element elementor-element-97828c9 elementor-widget elementor-widget-text-editor\" data-id=\"97828c9\" data-element_type=\"widget\" data-e-type=\"widget\" data-widget_type=\"text-editor.default\">\n\t\t\t\t<div class=\"elementor-widget-container\">\n\t\t\t\t\t\t\t\t\t<p>\u00c7o\u011fu durum, bak\u0131m\u0131n kendisinin zor olmas\u0131ndan de\u011fil, plans\u0131z bir \u015fekilde y\u00fcr\u00fct\u00fclmesinden kaynaklan\u0131r. Kararlar anl\u0131k olarak al\u0131n\u0131r, bilgiler eksik kal\u0131r ya da ge\u00e7 ula\u015f\u0131r ve g\u00fcnl\u00fck ya\u015fam planland\u0131\u011f\u0131 gibi de\u011fil, daha \u00e7ok tepkisel bir \u015fekilde \u015fekillenir. <\/p><p>Das f\u00fchrt dazu, dass selbst kleine Aufgaben pl\u00f6tzlich viel Energie kosten. Nicht weil sie komplex sind, sondern weil der \u00dcberblick fehlt. <\/p><p>Ayn\u0131 zamanda duygusal sorumluluk da devam eder. Her \u015feyi do\u011fru yapmak, kimseyi hayal k\u0131r\u0131kl\u0131\u011f\u0131na u\u011fratmamak ve yak\u0131nlara m\u00fcmk\u00fcn olan en iyi \u015fekilde destek olmak isteriz. \u0130\u015fte tam da bu sorumluluk ile belirsizli\u011fin birle\u015fimi, uzun vadede bask\u0131 yarat\u0131r.  <\/p>\t\t\t\t\t\t\t\t<\/div>\n\t\t\t\t<\/div>\n\t\t\t\t<div class=\"elementor-element elementor-element-38f7cc4 elementor-widget elementor-widget-heading\" data-id=\"38f7cc4\" data-element_type=\"widget\" data-e-type=\"widget\" data-widget_type=\"heading.default\">\n\t\t\t\t<div class=\"elementor-widget-container\">\n\t\t\t\t\t<h3 class=\"elementor-heading-title elementor-size-default\">Neden yap\u0131, mesafeyle hi\u00e7bir ilgisi yoktur?<\/h3>\t\t\t\t<\/div>\n\t\t\t\t<\/div>\n\t\t\t\t<div class=\"elementor-element elementor-element-157a3a4 elementor-widget elementor-widget-text-editor\" data-id=\"157a3a4\" data-element_type=\"widget\" data-e-type=\"widget\" data-widget_type=\"text-editor.default\">\n\t\t\t\t<div class=\"elementor-widget-container\">\n\t\t\t\t\t\t\t\t\t<p>S\u0131k\u00e7a duyulan bir g\u00f6r\u00fc\u015f, daha fazla organizasyonun bak\u0131m hizmetlerinde insanc\u0131ll\u0131\u011f\u0131 azaltt\u0131\u011f\u0131d\u0131r. Oysa ger\u00e7ekte tam tersi olur. <\/p><p>Yap\u0131, alan yarat\u0131r.<br>Bilin\u00e7li kararlar, ger\u00e7ek bir varl\u0131k hissi ve stres ya da belirsizlikten uzak anlar i\u00e7in alan yarat\u0131r.<\/p><p>Ne yap\u0131lmas\u0131 gerekti\u011fi, ne zaman ger\u00e7ekle\u015fece\u011fi ve hangi se\u00e7eneklerin mevcut oldu\u011fu netle\u015fti\u011finde, t\u00fcm dinamik de\u011fi\u015fir. Bak\u0131m art\u0131k sadece \u00fcstesinden gelinmekle kalmaz, aktif olarak \u015fekillendirilir. <\/p><p>Bu, her \u015feyin kusursuz gitmesi gerekti\u011fi anlam\u0131na gelmez. Bu, bir y\u00f6n oldu\u011fu anlam\u0131na gelir. <\/p>\t\t\t\t\t\t\t\t<\/div>\n\t\t\t\t<\/div>\n\t\t\t\t<div class=\"elementor-element elementor-element-687af9d elementor-widget elementor-widget-heading\" data-id=\"687af9d\" data-element_type=\"widget\" data-e-type=\"widget\" data-widget_type=\"heading.default\">\n\t\t\t\t<div class=\"elementor-widget-container\">\n\t\t\t\t\t<h3 class=\"elementor-heading-title elementor-size-default\">Bak\u0131m\u0131 kolay hale getiren denge<\/h3>\t\t\t\t<\/div>\n\t\t\t\t<\/div>\n\t\t\t\t<div class=\"elementor-element elementor-element-1af73ed elementor-widget elementor-widget-text-editor\" data-id=\"1af73ed\" data-element_type=\"widget\" data-e-type=\"widget\" data-widget_type=\"text-editor.default\">\n\t\t\t\t<div class=\"elementor-widget-container\">\n\t\t\t\t\t\t\t\t\t<p>Uzun vadede bak\u0131m, ancak her iki taraf da dengede oldu\u011funda i\u015fe yarar.<br>Yap\u0131dan yoksun insanl\u0131k, a\u015f\u0131r\u0131 y\u00fcklenmeye yol a\u00e7ar.<br>\u0130nsanl\u0131ktan yoksun yap\u0131 ise anlam\u0131n\u0131 yitirir.<\/p><p>Denge, net s\u00fcre\u00e7lerin ger\u00e7ek ihtiya\u00e7larla bulu\u015ftu\u011fu yerde olu\u015fur. Organizasyonun k\u0131s\u0131tlamak yerine destek oldu\u011fu yerde. Ve kararlar\u0131n stres nedeniyle de\u011fil, netlik temelinde al\u0131nd\u0131\u011f\u0131 yerde.  <\/p><p>\u0130\u015fte tam da bu noktada bak\u0131m, sadece o an i\u00e7in de\u011fil, uzun vadede de s\u00fcrd\u00fcr\u00fclebilir hale gelir.<\/p>\t\t\t\t\t\t\t\t<\/div>\n\t\t\t\t<\/div>\n\t\t\t\t<div class=\"elementor-element elementor-element-56bd0d2 elementor-widget elementor-widget-heading\" data-id=\"56bd0d2\" data-element_type=\"widget\" data-e-type=\"widget\" data-widget_type=\"heading.default\">\n\t\t\t\t<div class=\"elementor-widget-container\">\n\t\t\t\t\t<h3 class=\"elementor-heading-title elementor-size-default\">Sanvida nas\u0131l destek oluyor?<\/h3>\t\t\t\t<\/div>\n\t\t\t\t<\/div>\n\t\t\t\t<div class=\"elementor-element elementor-element-a00cb80 elementor-widget elementor-widget-text-editor\" data-id=\"a00cb80\" data-element_type=\"widget\" data-e-type=\"widget\" data-widget_type=\"text-editor.default\">\n\t\t\t\t<div class=\"elementor-widget-container\">\n\t\t\t\t\t\t\t\t\t<p>Sanvida tam da bu noktada devreye giriyor. Teorik kavramlarla de\u011fil, g\u00fcnl\u00fck hayata net bir odaklanma ile. <\/p><p>Ama\u00e7, hasta bak\u0131m\u0131 yapan aile \u00fcyelerine kendi durumlar\u0131n\u0131 d\u00fczenlemelerine, anla\u015f\u0131l\u0131r hale getirmelerine ve i\u015fleyen bir yap\u0131ya kavu\u015fturmalar\u0131na yard\u0131mc\u0131 olmakt\u0131r. B\u00f6ylelikle ad\u0131m ad\u0131m g\u00fcnl\u00fck ya\u015famda daha fazla netlik, daha fazla g\u00fcven ve her \u015feyden \u00f6nce daha fazla huzur sa\u011flan\u0131r. <\/p><p>Bu s\u00fcre\u00e7te insan her zaman merkezde yer al\u0131r. Organizasyon bir ama\u00e7 de\u011fil, bak\u0131m hizmetlerini insanc\u0131l ve ayn\u0131 zamanda istikrarl\u0131 bir \u015fekilde d\u00fczenlemek i\u00e7in bir ara\u00e7t\u0131r. <\/p><p>Bunun \u00f6nemli bir par\u00e7as\u0131 da ileti\u015fimdir. \u00d6zellikle bir\u00e7ok insan\u0131n \u00e7ok dilli bir ortamda ya\u015fad\u0131\u011f\u0131 \u0130svi\u00e7re\u2019de, ger\u00e7ekten anla\u015f\u0131ld\u0131\u011f\u0131n\u0131 hissetmek hayati \u00f6nem ta\u015f\u0131r. Bu nedenle Sanvida, Almanca, \u0130talyanca, Frans\u0131zca, \u0130ngilizce veya ki\u015finin ana dilinde olmak \u00fczere \u00e7e\u015fitli dillerde destek sunmaktad\u0131r.  <\/p>\t\t\t\t\t\t\t\t<\/div>\n\t\t\t\t<\/div>\n\t\t\t\t<div class=\"elementor-element elementor-element-74f45a9 elementor-widget-divider--view-line elementor-widget elementor-widget-divider\" data-id=\"74f45a9\" data-element_type=\"widget\" data-e-type=\"widget\" data-widget_type=\"divider.default\">\n\t\t\t\t<div class=\"elementor-widget-container\">\n\t\t\t\t\t\t\t<div class=\"elementor-divider\">\n\t\t\t<span class=\"elementor-divider-separator\">\n\t\t\t\t\t\t<\/span>\n\t\t<\/div>\n\t\t\t\t\t\t<\/div>\n\t\t\t\t<\/div>\n\t\t\t\t<div class=\"elementor-element elementor-element-5c92f9e elementor-widget elementor-widget-heading\" data-id=\"5c92f9e\" data-element_type=\"widget\" data-e-type=\"widget\" data-widget_type=\"heading.default\">\n\t\t\t\t<div class=\"elementor-widget-container\">\n\t\t\t\t\t<h3 class=\"elementor-heading-title elementor-size-default\">Fazit<\/h3>\t\t\t\t<\/div>\n\t\t\t\t<\/div>\n\t\t\t\t<div class=\"elementor-element elementor-element-7f8b063 elementor-widget elementor-widget-text-editor\" data-id=\"7f8b063\" data-element_type=\"widget\" data-e-type=\"widget\" data-widget_type=\"text-editor.default\">\n\t\t\t\t<div class=\"elementor-widget-container\">\n\t\t\t\t\t\t\t\t\t<p>Bak\u0131m her zaman iki y\u00f6nl\u00fcd\u00fcr: hem duygusal hem de \u00f6rg\u00fctsel.<br>Sadece bir y\u00f6n\u00fc \u00fcstlenmeye \u00e7al\u0131\u015fanlar, uzun vadede s\u0131n\u0131rlar\u0131na ula\u015facakt\u0131r.<\/p><p>Ancak yap\u0131 ve insanl\u0131k bir araya geldi\u011finde, g\u00fcnl\u00fck hayatta ger\u00e7ekten i\u015fe yarayan bir \u015fey ortaya \u00e7\u0131kar. Sadece destek olmakla kalmay\u0131p, ayn\u0131 zamanda y\u00fck\u00fc hafifleten bir \u015fey. <\/p>\t\t\t\t\t\t\t\t<\/div>\n\t\t\t\t<\/div>\n\t\t\t\t\t<\/div>\n\t\t\t\t<\/div>\n\t\t\t\t<\/div>\n\t\t","protected":false},"excerpt":{"rendered":"<p>Bak\u0131m, yak\u0131nl\u0131k ve sorumlulu\u011fu organizasyon ve planlama ile birle\u015ftirir. Do\u011fru denge, g\u00fcnl\u00fck ya\u015fam\u0131n uzun vadede s\u00fcrd\u00fcr\u00fclebilir olup olmayaca\u011f\u0131n\u0131 belirler. <\/p>\n","protected":false},"author":1,"featured_media":5397,"comment_status":"closed","ping_status":"closed","sticky":false,"template":"","format":"standard","meta":{"footnotes":""},"categories":[132],"tags":[],"class_list":["post-5430","post","type-post","status-publish","format-standard","has-post-thumbnail","hentry","category-bakim-ve-destek"],"_links":{"self":[{"href":"https:\/\/sanvida.ch\/tr\/wp-json\/wp\/v2\/posts\/5430","targetHints":{"allow":["GET"]}}],"collection":[{"href":"https:\/\/sanvida.ch\/tr\/wp-json\/wp\/v2\/posts"}],"about":[{"href":"https:\/\/sanvida.ch\/tr\/wp-json\/wp\/v2\/types\/post"}],"author":[{"embeddable":true,"href":"https:\/\/sanvida.ch\/tr\/wp-json\/wp\/v2\/users\/1"}],"replies":[{"embeddable":true,"href":"https:\/\/sanvida.ch\/tr\/wp-json\/wp\/v2\/comments?post=5430"}],"version-history":[{"count":3,"href":"https:\/\/sanvida.ch\/tr\/wp-json\/wp\/v2\/posts\/5430\/revisions"}],"predecessor-version":[{"id":5433,"href":"https:\/\/sanvida.ch\/tr\/wp-json\/wp\/v2\/posts\/5430\/revisions\/5433"}],"wp:featuredmedia":[{"embeddable":true,"href":"https:\/\/sanvida.ch\/tr\/wp-json\/wp\/v2\/media\/5397"}],"wp:attachment":[{"href":"https:\/\/sanvida.ch\/tr\/wp-json\/wp\/v2\/media?parent=5430"}],"wp:term":[{"taxonomy":"category","embeddable":true,"href":"https:\/\/sanvida.ch\/tr\/wp-json\/wp\/v2\/categories?post=5430"},{"taxonomy":"post_tag","embeddable":true,"href":"https:\/\/sanvida.ch\/tr\/wp-json\/wp\/v2\/tags?post=5430"}],"curies":[{"name":"wp","href":"https:\/\/api.w.org\/{rel}","templated":true}]}}